{"id":962,"date":"2019-11-24T10:34:29","date_gmt":"2019-11-24T09:34:29","guid":{"rendered":"https:\/\/bonheurdesarts.com\/gazette\/?p=962"},"modified":"2019-11-24T10:36:40","modified_gmt":"2019-11-24T09:36:40","slug":"mondrian-figuratif-au-musee-marmottan","status":"publish","type":"post","link":"https:\/\/bonheurdesarts.com\/gazette\/expositions\/mondrian-figuratif-au-musee-marmottan\/","title":{"rendered":"Mondrian figuratif au Mus\u00e9e Marmottan"},"content":{"rendered":"\n<p>Quand on pense \u00e0 Mondrian, on a g\u00e9n\u00e9ralement en t\u00eate une toile iconique. Une \u0153uvre abstraite tellement c\u00e9l\u00e8bre qu\u2019elle a \u00e9t\u00e9 utilis\u00e9e par une marque de cosm\u00e9tiques tr\u00e8s connue. <a href=\"https:\/\/fr.wikipedia.org\/wiki\/Piet_Mondrian\" target=\"_blank\" rel=\"noreferrer noopener\" aria-label=\"Pietr Mondrian (1872-1944) (s\u2019ouvre dans un nouvel onglet)\">Pietr Mondrian (1872-1944)<\/a> est ainsi un des pionniers de l\u2019abstraction du d\u00e9but du 20e si\u00e8cle. Aussi, le fait que le <a href=\"https:\/\/www.marmottan.fr\/\" target=\"_blank\" rel=\"noreferrer noopener\" aria-label=\"Mus\u00e9e Marmottan (s\u2019ouvre dans un nouvel onglet)\">Mus\u00e9e Marmottan<\/a> propose une exposition sur les \u0153uvres figuratives du peintre m\u2019a interpell\u00e9e.<\/p>\n\n\n\n<figure class=\"wp-block-gallery columns-2 is-cropped wp-block-gallery-1 is-layout-flex wp-block-gallery-is-layout-flex\"><ul class=\"blocks-gallery-grid\"><li class=\"blocks-gallery-item\"><figure><img fetchpriority=\"high\" decoding=\"async\" width=\"494\" height=\"493\" src=\"https:\/\/bonheurdesarts.com\/gazette\/wp-content\/uploads\/2019\/11\/abstraction2.jpg\" alt=\"\" data-id=\"964\" data-full-url=\"https:\/\/bonheurdesarts.com\/gazette\/wp-content\/uploads\/2019\/11\/abstraction2.jpg\" data-link=\"https:\/\/bonheurdesarts.com\/gazette\/?attachment_id=964\" class=\"wp-image-964\" srcset=\"https:\/\/bonheurdesarts.com\/gazette\/wp-content\/uploads\/2019\/11\/abstraction2.jpg 494w, https:\/\/bonheurdesarts.com\/gazette\/wp-content\/uploads\/2019\/11\/abstraction2-300x300.jpg 300w, https:\/\/bonheurdesarts.com\/gazette\/wp-content\/uploads\/2019\/11\/abstraction2-150x150.jpg 150w\" sizes=\"(max-width: 494px) 100vw, 494px\" \/><figcaption class=\"blocks-gallery-item__caption\"><em>Composition avec grand plan rouge, jaune, noir, gris et bleu<\/em>, 1921<\/figcaption><\/figure><\/li><li class=\"blocks-gallery-item\"><figure><img decoding=\"async\" width=\"800\" height=\"533\" src=\"https:\/\/bonheurdesarts.com\/gazette\/wp-content\/uploads\/2019\/11\/mondrian19.jpg\" alt=\"\" data-id=\"963\" data-link=\"https:\/\/bonheurdesarts.com\/gazette\/?attachment_id=963\" class=\"wp-image-963\" srcset=\"https:\/\/bonheurdesarts.com\/gazette\/wp-content\/uploads\/2019\/11\/mondrian19.jpg 800w, https:\/\/bonheurdesarts.com\/gazette\/wp-content\/uploads\/2019\/11\/mondrian19-300x200.jpg 300w, https:\/\/bonheurdesarts.com\/gazette\/wp-content\/uploads\/2019\/11\/mondrian19-768x512.jpg 768w\" sizes=\"(max-width: 800px) 100vw, 800px\" \/><\/figure><\/li><\/ul><figcaption class=\"blocks-gallery-caption\"><em> Mondrian, parce que vous le valez bien. <\/em><br><\/figcaption><\/figure>\n\n\n\n<p><\/p>\n\n\n\n<p>D\u2019embl\u00e9e, en gage de pr\u00e9cision : un peu d\u2019histoire de l\u2019art. Au d\u00e9but du 20e si\u00e8cle, des bouleversements esth\u00e9tiques sont \u00e0 l\u2019origine des grands courants tels que le cubisme, le fauvisme et l\u2019abstraction. Les cr\u00e9ateurs ont besoin de remettre en question leur rapport au r\u00e9el. Aussi, ils ne repr\u00e9sentent plus le monde tel qu\u2019il appara\u00eet. Leur art n\u2019a pas pour vocation d\u2019imiter la r\u00e9alit\u00e9, mais d\u2019en montrer certains aspects transform\u00e9s, d\u00e9chir\u00e9s ou contorsionn\u00e9s. Pour autant, cela ne veut pas dire que l\u2019art figuratif ne dispara\u00eet pas. Cette pratique figurant le monde visible perdure.<\/p>\n\n\n\n<figure class=\"wp-block-gallery columns-2 is-cropped wp-block-gallery-2 is-layout-flex wp-block-gallery-is-layout-flex\"><ul class=\"blocks-gallery-grid\"><li class=\"blocks-gallery-item\"><figure><img decoding=\"async\" width=\"578\" height=\"428\" src=\"https:\/\/bonheurdesarts.com\/gazette\/wp-content\/uploads\/2019\/11\/ferme2.jpg\" alt=\"\" data-id=\"967\" data-link=\"https:\/\/bonheurdesarts.com\/gazette\/?attachment_id=967\" class=\"wp-image-967\" srcset=\"https:\/\/bonheurdesarts.com\/gazette\/wp-content\/uploads\/2019\/11\/ferme2.jpg 578w, https:\/\/bonheurdesarts.com\/gazette\/wp-content\/uploads\/2019\/11\/ferme2-300x222.jpg 300w\" sizes=\"(max-width: 578px) 100vw, 578px\" \/><figcaption class=\"blocks-gallery-item__caption\"><em>Cr\u00e9puscule<\/em>, 1906<\/figcaption><\/figure><\/li><li class=\"blocks-gallery-item\"><figure><img loading=\"lazy\" decoding=\"async\" width=\"640\" height=\"357\" src=\"https:\/\/bonheurdesarts.com\/gazette\/wp-content\/uploads\/2019\/11\/moulin3-2.jpg\" alt=\"\" data-id=\"975\" data-full-url=\"https:\/\/bonheurdesarts.com\/gazette\/wp-content\/uploads\/2019\/11\/moulin3-2.jpg\" data-link=\"https:\/\/bonheurdesarts.com\/gazette\/?attachment_id=975\" class=\"wp-image-975\" srcset=\"https:\/\/bonheurdesarts.com\/gazette\/wp-content\/uploads\/2019\/11\/moulin3-2.jpg 640w, https:\/\/bonheurdesarts.com\/gazette\/wp-content\/uploads\/2019\/11\/moulin3-2-300x167.jpg 300w\" sizes=\"(max-width: 640px) 100vw, 640px\" \/><figcaption class=\"blocks-gallery-item__caption\"><em>Moulin dans le cr\u00e9puscule<\/em>, vers 1907-1908<\/figcaption><\/figure><\/li><\/ul><\/figure>\n\n\n\n<p>D&rsquo;origine n\u00e9erlandaise, Pietr Mondrian vit fr\u00e9quemment \u00e0 Paris, capitale artistique jusque dans les ann\u00e9es 1950. Les temps sont alors durs pour les cr\u00e9ateurs modernes. Souvent peu accept\u00e9s et reconnus, ils doivent compter sur l\u2019aide pr\u00e9cieuse d\u2019amis, qu\u2019ils soient m\u00e9c\u00e8nes ou galeristes. Dans le cas de Mondrian, c\u2019est le collectionneur Salomon B. Slijper qui lui offre le soutien n\u00e9cessaire. Fascin\u00e9 par son \u0153uvre, Slijper acquiert une soixantaine de tableaux de Mondrian entre 1916 et 1920. Gr\u00e2ce \u00e0 lui, le peintre sort d\u2019une p\u00e9riode difficile financi\u00e8rement et peut vivre de son art. Quel a \u00e9t\u00e9 le prix de vente des toiles ? Environ 100\u20ac chacune (apr\u00e8s conversion de la somme de l\u2019\u00e9poque). Cela fait r\u00eaver. <\/p>\n\n\n\n<div class=\"wp-block-image\"><figure class=\"aligncenter size-large\"><img loading=\"lazy\" decoding=\"async\" width=\"528\" height=\"631\" src=\"https:\/\/bonheurdesarts.com\/gazette\/wp-content\/uploads\/2019\/11\/moulin.jpg\" alt=\"Moulin noir avec ciel nocturne.\" class=\"wp-image-978\" srcset=\"https:\/\/bonheurdesarts.com\/gazette\/wp-content\/uploads\/2019\/11\/moulin.jpg 528w, https:\/\/bonheurdesarts.com\/gazette\/wp-content\/uploads\/2019\/11\/moulin-251x300.jpg 251w\" sizes=\"(max-width: 528px) 100vw, 528px\" \/><figcaption><em>Moulin \u00e0 vent le soir<\/em>, 1917<\/figcaption><\/figure><\/div>\n\n\n\n<p>De retour \u00e0 Paris en 1919, Mondrian a d\u00e9sormais la possibilit\u00e9 de poursuivre ses recherches esth\u00e9tiques en toute tranquillit\u00e9. Recherches abstraites\u2026mais aussi figuratives. Les \u0153uvres de l\u2019exposition comprennent ainsi des paysages r\u00e9alis\u00e9s entre 1898 et 1905. Les premiers tableaux de l\u2019artiste sugg\u00e8rent une le\u00e7on de la tradition, avant de s\u2019ouvrir \u00e0 la modernit\u00e9 par le biais de la couleur.<\/p>\n\n\n\n<p>Les couleurs d\u2019abord neutres deviennent par la suite de plus en plus pr\u00e9sentes et puissantes. Mondrian utilise des aplats de couleurs vives qui r\u00e9v\u00e8lent son souci de se r\u00e9inventer en permanence.<\/p>\n\n\n\n<div class=\"wp-block-image\"><figure class=\"aligncenter size-large\"><img loading=\"lazy\" decoding=\"async\" width=\"900\" height=\"700\" src=\"https:\/\/bonheurdesarts.com\/gazette\/wp-content\/uploads\/2019\/11\/ferme-1.jpg\" alt=\"\" class=\"wp-image-976\" srcset=\"https:\/\/bonheurdesarts.com\/gazette\/wp-content\/uploads\/2019\/11\/ferme-1.jpg 900w, https:\/\/bonheurdesarts.com\/gazette\/wp-content\/uploads\/2019\/11\/ferme-1-300x233.jpg 300w, https:\/\/bonheurdesarts.com\/gazette\/wp-content\/uploads\/2019\/11\/ferme-1-768x597.jpg 768w\" sizes=\"(max-width: 900px) 100vw, 900px\" \/><figcaption><em>Ferme pr\u00e8s de Duivendrecht<\/em>, 1916<\/figcaption><\/figure><\/div>\n\n\n\n<figure class=\"wp-block-gallery columns-2 is-cropped wp-block-gallery-3 is-layout-flex wp-block-gallery-is-layout-flex\"><ul class=\"blocks-gallery-grid\"><li class=\"blocks-gallery-item\"><figure><img loading=\"lazy\" decoding=\"async\" width=\"306\" height=\"470\" src=\"https:\/\/bonheurdesarts.com\/gazette\/wp-content\/uploads\/2019\/11\/cathedrale.jpg\" alt=\"\" data-id=\"970\" data-link=\"https:\/\/bonheurdesarts.com\/gazette\/?attachment_id=970\" class=\"wp-image-970\" srcset=\"https:\/\/bonheurdesarts.com\/gazette\/wp-content\/uploads\/2019\/11\/cathedrale.jpg 306w, https:\/\/bonheurdesarts.com\/gazette\/wp-content\/uploads\/2019\/11\/cathedrale-195x300.jpg 195w\" sizes=\"(max-width: 306px) 100vw, 306px\" \/><figcaption class=\"blocks-gallery-item__caption\"><em>Clocher en Z\u00e9lande<\/em>, 1911<\/figcaption><\/figure><\/li><li class=\"blocks-gallery-item\"><figure><img loading=\"lazy\" decoding=\"async\" width=\"351\" height=\"618\" src=\"https:\/\/bonheurdesarts.com\/gazette\/wp-content\/uploads\/2019\/11\/moulin2.jpg\" alt=\"\" data-id=\"971\" data-link=\"https:\/\/bonheurdesarts.com\/gazette\/?attachment_id=971\" class=\"wp-image-971\" srcset=\"https:\/\/bonheurdesarts.com\/gazette\/wp-content\/uploads\/2019\/11\/moulin2.jpg 351w, https:\/\/bonheurdesarts.com\/gazette\/wp-content\/uploads\/2019\/11\/moulin2-170x300.jpg 170w\" sizes=\"(max-width: 351px) 100vw, 351px\" \/><figcaption class=\"blocks-gallery-item__caption\"><em>Moulin<\/em>, 1911<\/figcaption><\/figure><\/li><\/ul><\/figure>\n\n\n\n<p>Les portraits sont aussi importants dans la production figurative de Mondrian. On y retrouve ce souci de construction par la couleur. La repr\u00e9sentation des choses est \u00e9galement source de questionnement. Mondrian d\u00e9couvre les \u0153uvres cubiques de Braque et de Picasso en 1911.<\/p>\n\n\n\n<p>Les formes des objets et des architectures se fragmentent d\u00e9sormais dans les toiles de Mondrian jusqu\u2019\u00e0 leur simplification quasi g\u00e9om\u00e9trique. L\u2019artiste vient de prendre le chemin vers l\u2019abstraction.<\/p>\n\n\n\n<figure class=\"wp-block-gallery columns-2 is-cropped wp-block-gallery-4 is-layout-flex wp-block-gallery-is-layout-flex\"><ul class=\"blocks-gallery-grid\"><li class=\"blocks-gallery-item\"><figure><img loading=\"lazy\" decoding=\"async\" width=\"419\" height=\"671\" src=\"https:\/\/bonheurdesarts.com\/gazette\/wp-content\/uploads\/2019\/11\/devotion.jpg\" alt=\"\" data-id=\"965\" data-link=\"https:\/\/bonheurdesarts.com\/gazette\/?attachment_id=965\" class=\"wp-image-965\" srcset=\"https:\/\/bonheurdesarts.com\/gazette\/wp-content\/uploads\/2019\/11\/devotion.jpg 419w, https:\/\/bonheurdesarts.com\/gazette\/wp-content\/uploads\/2019\/11\/devotion-187x300.jpg 187w\" sizes=\"(max-width: 419px) 100vw, 419px\" \/><figcaption class=\"blocks-gallery-item__caption\"><em>D\u00e9votion<\/em>, 1908<\/figcaption><\/figure><\/li><li class=\"blocks-gallery-item\"><figure><img loading=\"lazy\" decoding=\"async\" width=\"1000\" height=\"694\" src=\"https:\/\/bonheurdesarts.com\/gazette\/wp-content\/uploads\/2019\/11\/autoportrait.jpg\" alt=\"\" data-id=\"966\" data-full-url=\"https:\/\/bonheurdesarts.com\/gazette\/wp-content\/uploads\/2019\/11\/autoportrait.jpg\" data-link=\"https:\/\/bonheurdesarts.com\/gazette\/?attachment_id=966\" class=\"wp-image-966\" srcset=\"https:\/\/bonheurdesarts.com\/gazette\/wp-content\/uploads\/2019\/11\/autoportrait.jpg 1000w, https:\/\/bonheurdesarts.com\/gazette\/wp-content\/uploads\/2019\/11\/autoportrait-300x208.jpg 300w, https:\/\/bonheurdesarts.com\/gazette\/wp-content\/uploads\/2019\/11\/autoportrait-768x533.jpg 768w\" sizes=\"(max-width: 1000px) 100vw, 1000px\" \/><figcaption class=\"blocks-gallery-item__caption\"><em>Autoportrait<\/em>, 1913<\/figcaption><\/figure><\/li><\/ul><\/figure>\n\n\n\n<div class=\"wp-block-image\"><figure class=\"aligncenter\"><img loading=\"lazy\" decoding=\"async\" width=\"672\" height=\"485\" src=\"https:\/\/bonheurdesarts.com\/gazette\/wp-content\/uploads\/2019\/11\/arbre.jpg\" alt=\"Repr\u00e9sentation simplifi\u00e9e d'un arbre, le tout sur un fond gris.\" class=\"wp-image-977\" srcset=\"https:\/\/bonheurdesarts.com\/gazette\/wp-content\/uploads\/2019\/11\/arbre.jpg 672w, https:\/\/bonheurdesarts.com\/gazette\/wp-content\/uploads\/2019\/11\/arbre-300x217.jpg 300w\" sizes=\"(max-width: 672px) 100vw, 672px\" \/><figcaption><em>L&rsquo;arbre gris<\/em>, 1911<\/figcaption><\/figure><\/div>\n\n\n\n<p>L\u2019exposition du Mus\u00e9e Marmottan permet ainsi de voir la grande coh\u00e9rence esth\u00e9tique de cette collection choisie par Mondrian lui-m\u00eame. Vous avez jusqu\u2019au 26 janvier 2020 pour d\u00e9couvrir cette facette m\u00e9connue de l\u2019artiste. <\/p>\n<ul class=\"wpfai-list\"><li class=\"wpfai-list-item twitter\">\r\n      <a href=\"http:\/\/twitter.com\/share?text=La%20gazette%20du%20bonheur%20des%20arts&url=http%3A%2F%2Fbonheurdesarts.com%2Fgazette%2Fwp-json%2Fwp%2Fv2%2Fposts%2F962\" title=\"Twitter\" class=\"wpfai-twitter wpfai-link wpfainw\">\r\n        <span class=\"fa-stack fa-lg\">\r\n          <i class=\"fa fa-circle fa-stack-2x\"><\/i>\r\n          <i class=\"fa fa-twitter fa-stack-1x fa-inverse\"><\/i>\r\n        <\/span>\r\n      <\/a>\r\n    <\/li><li class=\"wpfai-list-item linkedin\">\r\n      <a href=\"http:\/\/linkedin.com\/shareArticle?mini=true&amp;url=http%3A%2F%2Fbonheurdesarts.com%2Fgazette%2Fwp-json%2Fwp%2Fv2%2Fposts%2F962&amp;title=La%20gazette%20du%20bonheur%20des%20arts\" title=\"Linked In\" class=\"wpfai-linkedin wpfai-link wpfainw\">\r\n        <span class=\"fa-stack fa-lg\">\r\n          <i class=\"fa fa-circle fa-stack-2x\"><\/i>\r\n          <i class=\"fa fa-linkedin fa-stack-1x fa-inverse\"><\/i>\r\n        <\/span>\r\n      <\/a>\r\n    <\/li><li class=\"wpfai-list-item facebook\">\r\n      <a href=\"http:\/\/www.facebook.com\/sharer.php?u=http%3A%2F%2Fbonheurdesarts.com%2Fgazette%2Fwp-json%2Fwp%2Fv2%2Fposts%2F962&amp;t=La%20gazette%20du%20bonheur%20des%20arts\" title=\"Facebook\" class=\"wpfai-facebook wpfai-link wpfainw\">\r\n        <span class=\"fa-stack fa-lg\">\r\n          <i class=\"fa fa-circle fa-stack-2x\"><\/i>\r\n          <i class=\"fa fa-facebook fa-stack-1x fa-inverse\"><\/i>\r\n        <\/span>\r\n      <\/a>\r\n    <\/li><li class=\"wpfai-list-item pinterest\">\r\n      <a href=\"http:\/\/pinterest.com\/pin\/create\/button\/?url=http%3A%2F%2Fbonheurdesarts.com%2Fgazette%2Fwp-json%2Fwp%2Fv2%2Fposts%2F962&amp;description=La%20gazette%20du%20bonheur%20des%20arts&amp;media=\" title=\"Pinterest\" class=\"wpfai-pinterest wpfai-link wpfainw\">\r\n        <span class=\"fa-stack fa-lg\">\r\n          <i class=\"fa fa-circle fa-stack-2x\"><\/i>\r\n          <i class=\"fa fa-pinterest fa-stack-1x fa-inverse\"><\/i>\r\n        <\/span>\r\n      <\/a>\r\n    <\/li><li class=\"wpfai-list-item envelope\">\r\n      <a href=\"mailto:?subject=La%20gazette%20du%20bonheur%20des%20arts&amp;body=http%3A%2F%2Fbonheurdesarts.com%2Fgazette%2Fwp-json%2Fwp%2Fv2%2Fposts%2F962%20-%20\" title=\"E-Mail\" class=\"wpfai-envelope wpfai-link wpfainw\">\r\n        <span class=\"fa-stack fa-lg\">\r\n          <i class=\"fa fa-circle fa-stack-2x\"><\/i>\r\n          <i class=\"fa fa-envelope fa-stack-1x fa-inverse\"><\/i>\r\n        <\/span>\r\n      <\/a>\r\n    <\/li><\/ul>","protected":false},"excerpt":{"rendered":"<p>Quand on pense \u00e0 Mondrian, on a g\u00e9n\u00e9ralement en t\u00eate une toile iconique. Une \u0153uvre abstraite tellement c\u00e9l\u00e8bre qu\u2019elle a \u00e9t\u00e9 utilis\u00e9e par une marque de cosm\u00e9tiques tr\u00e8s connue. Pietr&hellip;<\/p>\n","protected":false},"author":3,"featured_media":976,"comment_status":"open","ping_status":"open","sticky":false,"template":"","format":"standard","meta":{"footnotes":""},"categories":[5],"tags":[89,237,102],"class_list":["post-962","post","type-post","status-publish","format-standard","has-post-thumbnail","hentry","category-expositions","tag-art-contemporain","tag-mondrian","tag-peinture"],"yoast_head":"<!-- This site is optimized with the Yoast SEO plugin v26.8 - https:\/\/yoast.com\/product\/yoast-seo-wordpress\/ -->\n<title>Mondrian figuratif au Mus\u00e9e Marmottan - La gazette du bonheur des arts<\/title>\n<meta name=\"description\" content=\"Le Mus\u00e9e Marmottan expose une soixantaine d&#039;oeuvres figuratives de l&#039;artiste Mondrian, surtout connu pour ses productions abstraites.\" \/>\n<meta name=\"robots\" content=\"index, follow, max-snippet:-1, max-image-preview:large, max-video-preview:-1\" \/>\n<link rel=\"canonical\" href=\"https:\/\/bonheurdesarts.com\/gazette\/expositions\/mondrian-figuratif-au-musee-marmottan\/\" \/>\n<meta property=\"og:locale\" content=\"fr_FR\" \/>\n<meta property=\"og:type\" content=\"article\" \/>\n<meta property=\"og:title\" content=\"Mondrian figuratif au Mus\u00e9e Marmottan - La gazette du bonheur des arts\" \/>\n<meta property=\"og:description\" content=\"Le Mus\u00e9e Marmottan expose une soixantaine d&#039;oeuvres figuratives de l&#039;artiste Mondrian, surtout connu pour ses productions abstraites.\" \/>\n<meta property=\"og:url\" content=\"https:\/\/bonheurdesarts.com\/gazette\/expositions\/mondrian-figuratif-au-musee-marmottan\/\" \/>\n<meta property=\"og:site_name\" content=\"La gazette du bonheur des arts\" \/>\n<meta property=\"article:published_time\" content=\"2019-11-24T09:34:29+00:00\" \/>\n<meta property=\"article:modified_time\" content=\"2019-11-24T09:36:40+00:00\" \/>\n<meta property=\"og:image\" content=\"https:\/\/bonheurdesarts.com\/gazette\/wp-content\/uploads\/2019\/11\/ferme-1.jpg\" \/>\n\t<meta property=\"og:image:width\" content=\"900\" \/>\n\t<meta property=\"og:image:height\" content=\"700\" \/>\n\t<meta property=\"og:image:type\" content=\"image\/jpeg\" \/>\n<meta name=\"author\" content=\"Sabine Pasdelou, PhD\" \/>\n<meta name=\"twitter:card\" content=\"summary_large_image\" \/>\n<meta name=\"twitter:creator\" content=\"@bonheurdesarts\" \/>\n<meta name=\"twitter:site\" content=\"@bonheurdesarts\" \/>\n<meta name=\"twitter:label1\" content=\"\u00c9crit par\" \/>\n\t<meta name=\"twitter:data1\" content=\"Sabine Pasdelou, PhD\" \/>\n\t<meta name=\"twitter:label2\" content=\"Dur\u00e9e de lecture estim\u00e9e\" \/>\n\t<meta name=\"twitter:data2\" content=\"3 minutes\" \/>\n<script type=\"application\/ld+json\" class=\"yoast-schema-graph\">{\"@context\":\"https:\/\/schema.org\",\"@graph\":[{\"@type\":\"Article\",\"@id\":\"https:\/\/bonheurdesarts.com\/gazette\/expositions\/mondrian-figuratif-au-musee-marmottan\/#article\",\"isPartOf\":{\"@id\":\"https:\/\/bonheurdesarts.com\/gazette\/expositions\/mondrian-figuratif-au-musee-marmottan\/\"},\"author\":{\"name\":\"Sabine Pasdelou, PhD\",\"@id\":\"https:\/\/bonheurdesarts.com\/gazette\/#\/schema\/person\/2b71fce55f454e45fc60689063fad14f\"},\"headline\":\"Mondrian figuratif au Mus\u00e9e Marmottan\",\"datePublished\":\"2019-11-24T09:34:29+00:00\",\"dateModified\":\"2019-11-24T09:36:40+00:00\",\"mainEntityOfPage\":{\"@id\":\"https:\/\/bonheurdesarts.com\/gazette\/expositions\/mondrian-figuratif-au-musee-marmottan\/\"},\"wordCount\":584,\"commentCount\":0,\"publisher\":{\"@id\":\"https:\/\/bonheurdesarts.com\/gazette\/#organization\"},\"image\":{\"@id\":\"https:\/\/bonheurdesarts.com\/gazette\/expositions\/mondrian-figuratif-au-musee-marmottan\/#primaryimage\"},\"thumbnailUrl\":\"https:\/\/bonheurdesarts.com\/gazette\/wp-content\/uploads\/2019\/11\/ferme-1.jpg\",\"keywords\":[\"art contemporain\",\"Mondrian\",\"peinture\"],\"articleSection\":[\"Expositions\"],\"inLanguage\":\"fr-FR\",\"potentialAction\":[{\"@type\":\"CommentAction\",\"name\":\"Comment\",\"target\":[\"https:\/\/bonheurdesarts.com\/gazette\/expositions\/mondrian-figuratif-au-musee-marmottan\/#respond\"]}]},{\"@type\":\"WebPage\",\"@id\":\"https:\/\/bonheurdesarts.com\/gazette\/expositions\/mondrian-figuratif-au-musee-marmottan\/\",\"url\":\"https:\/\/bonheurdesarts.com\/gazette\/expositions\/mondrian-figuratif-au-musee-marmottan\/\",\"name\":\"Mondrian figuratif au Mus\u00e9e Marmottan - La gazette du bonheur des arts\",\"isPartOf\":{\"@id\":\"https:\/\/bonheurdesarts.com\/gazette\/#website\"},\"primaryImageOfPage\":{\"@id\":\"https:\/\/bonheurdesarts.com\/gazette\/expositions\/mondrian-figuratif-au-musee-marmottan\/#primaryimage\"},\"image\":{\"@id\":\"https:\/\/bonheurdesarts.com\/gazette\/expositions\/mondrian-figuratif-au-musee-marmottan\/#primaryimage\"},\"thumbnailUrl\":\"https:\/\/bonheurdesarts.com\/gazette\/wp-content\/uploads\/2019\/11\/ferme-1.jpg\",\"datePublished\":\"2019-11-24T09:34:29+00:00\",\"dateModified\":\"2019-11-24T09:36:40+00:00\",\"description\":\"Le Mus\u00e9e Marmottan expose une soixantaine d'oeuvres figuratives de l'artiste Mondrian, surtout connu pour ses productions abstraites.\",\"breadcrumb\":{\"@id\":\"https:\/\/bonheurdesarts.com\/gazette\/expositions\/mondrian-figuratif-au-musee-marmottan\/#breadcrumb\"},\"inLanguage\":\"fr-FR\",\"potentialAction\":[{\"@type\":\"ReadAction\",\"target\":[\"https:\/\/bonheurdesarts.com\/gazette\/expositions\/mondrian-figuratif-au-musee-marmottan\/\"]}]},{\"@type\":\"ImageObject\",\"inLanguage\":\"fr-FR\",\"@id\":\"https:\/\/bonheurdesarts.com\/gazette\/expositions\/mondrian-figuratif-au-musee-marmottan\/#primaryimage\",\"url\":\"https:\/\/bonheurdesarts.com\/gazette\/wp-content\/uploads\/2019\/11\/ferme-1.jpg\",\"contentUrl\":\"https:\/\/bonheurdesarts.com\/gazette\/wp-content\/uploads\/2019\/11\/ferme-1.jpg\",\"width\":900,\"height\":700},{\"@type\":\"BreadcrumbList\",\"@id\":\"https:\/\/bonheurdesarts.com\/gazette\/expositions\/mondrian-figuratif-au-musee-marmottan\/#breadcrumb\",\"itemListElement\":[{\"@type\":\"ListItem\",\"position\":1,\"name\":\"Accueil\",\"item\":\"https:\/\/bonheurdesarts.com\/gazette\/\"},{\"@type\":\"ListItem\",\"position\":2,\"name\":\"Mondrian figuratif au Mus\u00e9e Marmottan\"}]},{\"@type\":\"WebSite\",\"@id\":\"https:\/\/bonheurdesarts.com\/gazette\/#website\",\"url\":\"https:\/\/bonheurdesarts.com\/gazette\/\",\"name\":\"La gazette du bonheur des arts\",\"description\":\"\",\"publisher\":{\"@id\":\"https:\/\/bonheurdesarts.com\/gazette\/#organization\"},\"potentialAction\":[{\"@type\":\"SearchAction\",\"target\":{\"@type\":\"EntryPoint\",\"urlTemplate\":\"https:\/\/bonheurdesarts.com\/gazette\/?s={search_term_string}\"},\"query-input\":{\"@type\":\"PropertyValueSpecification\",\"valueRequired\":true,\"valueName\":\"search_term_string\"}}],\"inLanguage\":\"fr-FR\"},{\"@type\":\"Organization\",\"@id\":\"https:\/\/bonheurdesarts.com\/gazette\/#organization\",\"name\":\"Au Bonheur des Arts\",\"url\":\"https:\/\/bonheurdesarts.com\/gazette\/\",\"logo\":{\"@type\":\"ImageObject\",\"inLanguage\":\"fr-FR\",\"@id\":\"https:\/\/bonheurdesarts.com\/gazette\/#\/schema\/logo\/image\/\",\"url\":\"https:\/\/bonheurdesarts.com\/gazette\/wp-content\/uploads\/2020\/02\/favicon-256px.png\",\"contentUrl\":\"https:\/\/bonheurdesarts.com\/gazette\/wp-content\/uploads\/2020\/02\/favicon-256px.png\",\"width\":256,\"height\":256,\"caption\":\"Au Bonheur des Arts\"},\"image\":{\"@id\":\"https:\/\/bonheurdesarts.com\/gazette\/#\/schema\/logo\/image\/\"},\"sameAs\":[\"https:\/\/x.com\/bonheurdesarts\",\"https:\/\/www.instagram.com\/bonheurdesarts\/\"]},{\"@type\":\"Person\",\"@id\":\"https:\/\/bonheurdesarts.com\/gazette\/#\/schema\/person\/2b71fce55f454e45fc60689063fad14f\",\"name\":\"Sabine Pasdelou, PhD\",\"image\":{\"@type\":\"ImageObject\",\"inLanguage\":\"fr-FR\",\"@id\":\"https:\/\/bonheurdesarts.com\/gazette\/#\/schema\/person\/image\/\",\"url\":\"https:\/\/secure.gravatar.com\/avatar\/d45be97383d36eba9f62ea5ba3c9e627044cc06a11cc2c842b8607db17a1ae55?s=96&d=mm&r=g\",\"contentUrl\":\"https:\/\/secure.gravatar.com\/avatar\/d45be97383d36eba9f62ea5ba3c9e627044cc06a11cc2c842b8607db17a1ae55?s=96&d=mm&r=g\",\"caption\":\"Sabine Pasdelou, PhD\"},\"sameAs\":[\"http:\/\/sabine-pasdelou.com\"],\"url\":\"https:\/\/bonheurdesarts.com\/gazette\/author\/sabine-pasdelou\/\"}]}<\/script>\n<!-- \/ Yoast SEO plugin. -->","yoast_head_json":{"title":"Mondrian figuratif au Mus\u00e9e Marmottan - La gazette du bonheur des arts","description":"Le Mus\u00e9e Marmottan expose une soixantaine d'oeuvres figuratives de l'artiste Mondrian, surtout connu pour ses productions abstraites.","robots":{"index":"index","follow":"follow","max-snippet":"max-snippet:-1","max-image-preview":"max-image-preview:large","max-video-preview":"max-video-preview:-1"},"canonical":"https:\/\/bonheurdesarts.com\/gazette\/expositions\/mondrian-figuratif-au-musee-marmottan\/","og_locale":"fr_FR","og_type":"article","og_title":"Mondrian figuratif au Mus\u00e9e Marmottan - La gazette du bonheur des arts","og_description":"Le Mus\u00e9e Marmottan expose une soixantaine d'oeuvres figuratives de l'artiste Mondrian, surtout connu pour ses productions abstraites.","og_url":"https:\/\/bonheurdesarts.com\/gazette\/expositions\/mondrian-figuratif-au-musee-marmottan\/","og_site_name":"La gazette du bonheur des arts","article_published_time":"2019-11-24T09:34:29+00:00","article_modified_time":"2019-11-24T09:36:40+00:00","og_image":[{"width":900,"height":700,"url":"https:\/\/bonheurdesarts.com\/gazette\/wp-content\/uploads\/2019\/11\/ferme-1.jpg","type":"image\/jpeg"}],"author":"Sabine Pasdelou, PhD","twitter_card":"summary_large_image","twitter_creator":"@bonheurdesarts","twitter_site":"@bonheurdesarts","twitter_misc":{"\u00c9crit par":"Sabine Pasdelou, PhD","Dur\u00e9e de lecture estim\u00e9e":"3 minutes"},"schema":{"@context":"https:\/\/schema.org","@graph":[{"@type":"Article","@id":"https:\/\/bonheurdesarts.com\/gazette\/expositions\/mondrian-figuratif-au-musee-marmottan\/#article","isPartOf":{"@id":"https:\/\/bonheurdesarts.com\/gazette\/expositions\/mondrian-figuratif-au-musee-marmottan\/"},"author":{"name":"Sabine Pasdelou, PhD","@id":"https:\/\/bonheurdesarts.com\/gazette\/#\/schema\/person\/2b71fce55f454e45fc60689063fad14f"},"headline":"Mondrian figuratif au Mus\u00e9e Marmottan","datePublished":"2019-11-24T09:34:29+00:00","dateModified":"2019-11-24T09:36:40+00:00","mainEntityOfPage":{"@id":"https:\/\/bonheurdesarts.com\/gazette\/expositions\/mondrian-figuratif-au-musee-marmottan\/"},"wordCount":584,"commentCount":0,"publisher":{"@id":"https:\/\/bonheurdesarts.com\/gazette\/#organization"},"image":{"@id":"https:\/\/bonheurdesarts.com\/gazette\/expositions\/mondrian-figuratif-au-musee-marmottan\/#primaryimage"},"thumbnailUrl":"https:\/\/bonheurdesarts.com\/gazette\/wp-content\/uploads\/2019\/11\/ferme-1.jpg","keywords":["art contemporain","Mondrian","peinture"],"articleSection":["Expositions"],"inLanguage":"fr-FR","potentialAction":[{"@type":"CommentAction","name":"Comment","target":["https:\/\/bonheurdesarts.com\/gazette\/expositions\/mondrian-figuratif-au-musee-marmottan\/#respond"]}]},{"@type":"WebPage","@id":"https:\/\/bonheurdesarts.com\/gazette\/expositions\/mondrian-figuratif-au-musee-marmottan\/","url":"https:\/\/bonheurdesarts.com\/gazette\/expositions\/mondrian-figuratif-au-musee-marmottan\/","name":"Mondrian figuratif au Mus\u00e9e Marmottan - La gazette du bonheur des arts","isPartOf":{"@id":"https:\/\/bonheurdesarts.com\/gazette\/#website"},"primaryImageOfPage":{"@id":"https:\/\/bonheurdesarts.com\/gazette\/expositions\/mondrian-figuratif-au-musee-marmottan\/#primaryimage"},"image":{"@id":"https:\/\/bonheurdesarts.com\/gazette\/expositions\/mondrian-figuratif-au-musee-marmottan\/#primaryimage"},"thumbnailUrl":"https:\/\/bonheurdesarts.com\/gazette\/wp-content\/uploads\/2019\/11\/ferme-1.jpg","datePublished":"2019-11-24T09:34:29+00:00","dateModified":"2019-11-24T09:36:40+00:00","description":"Le Mus\u00e9e Marmottan expose une soixantaine d'oeuvres figuratives de l'artiste Mondrian, surtout connu pour ses productions abstraites.","breadcrumb":{"@id":"https:\/\/bonheurdesarts.com\/gazette\/expositions\/mondrian-figuratif-au-musee-marmottan\/#breadcrumb"},"inLanguage":"fr-FR","potentialAction":[{"@type":"ReadAction","target":["https:\/\/bonheurdesarts.com\/gazette\/expositions\/mondrian-figuratif-au-musee-marmottan\/"]}]},{"@type":"ImageObject","inLanguage":"fr-FR","@id":"https:\/\/bonheurdesarts.com\/gazette\/expositions\/mondrian-figuratif-au-musee-marmottan\/#primaryimage","url":"https:\/\/bonheurdesarts.com\/gazette\/wp-content\/uploads\/2019\/11\/ferme-1.jpg","contentUrl":"https:\/\/bonheurdesarts.com\/gazette\/wp-content\/uploads\/2019\/11\/ferme-1.jpg","width":900,"height":700},{"@type":"BreadcrumbList","@id":"https:\/\/bonheurdesarts.com\/gazette\/expositions\/mondrian-figuratif-au-musee-marmottan\/#breadcrumb","itemListElement":[{"@type":"ListItem","position":1,"name":"Accueil","item":"https:\/\/bonheurdesarts.com\/gazette\/"},{"@type":"ListItem","position":2,"name":"Mondrian figuratif au Mus\u00e9e Marmottan"}]},{"@type":"WebSite","@id":"https:\/\/bonheurdesarts.com\/gazette\/#website","url":"https:\/\/bonheurdesarts.com\/gazette\/","name":"La gazette du bonheur des arts","description":"","publisher":{"@id":"https:\/\/bonheurdesarts.com\/gazette\/#organization"},"potentialAction":[{"@type":"SearchAction","target":{"@type":"EntryPoint","urlTemplate":"https:\/\/bonheurdesarts.com\/gazette\/?s={search_term_string}"},"query-input":{"@type":"PropertyValueSpecification","valueRequired":true,"valueName":"search_term_string"}}],"inLanguage":"fr-FR"},{"@type":"Organization","@id":"https:\/\/bonheurdesarts.com\/gazette\/#organization","name":"Au Bonheur des Arts","url":"https:\/\/bonheurdesarts.com\/gazette\/","logo":{"@type":"ImageObject","inLanguage":"fr-FR","@id":"https:\/\/bonheurdesarts.com\/gazette\/#\/schema\/logo\/image\/","url":"https:\/\/bonheurdesarts.com\/gazette\/wp-content\/uploads\/2020\/02\/favicon-256px.png","contentUrl":"https:\/\/bonheurdesarts.com\/gazette\/wp-content\/uploads\/2020\/02\/favicon-256px.png","width":256,"height":256,"caption":"Au Bonheur des Arts"},"image":{"@id":"https:\/\/bonheurdesarts.com\/gazette\/#\/schema\/logo\/image\/"},"sameAs":["https:\/\/x.com\/bonheurdesarts","https:\/\/www.instagram.com\/bonheurdesarts\/"]},{"@type":"Person","@id":"https:\/\/bonheurdesarts.com\/gazette\/#\/schema\/person\/2b71fce55f454e45fc60689063fad14f","name":"Sabine Pasdelou, PhD","image":{"@type":"ImageObject","inLanguage":"fr-FR","@id":"https:\/\/bonheurdesarts.com\/gazette\/#\/schema\/person\/image\/","url":"https:\/\/secure.gravatar.com\/avatar\/d45be97383d36eba9f62ea5ba3c9e627044cc06a11cc2c842b8607db17a1ae55?s=96&d=mm&r=g","contentUrl":"https:\/\/secure.gravatar.com\/avatar\/d45be97383d36eba9f62ea5ba3c9e627044cc06a11cc2c842b8607db17a1ae55?s=96&d=mm&r=g","caption":"Sabine Pasdelou, PhD"},"sameAs":["http:\/\/sabine-pasdelou.com"],"url":"https:\/\/bonheurdesarts.com\/gazette\/author\/sabine-pasdelou\/"}]}},"_links":{"self":[{"href":"https:\/\/bonheurdesarts.com\/gazette\/wp-json\/wp\/v2\/posts\/962","targetHints":{"allow":["GET"]}}],"collection":[{"href":"https:\/\/bonheurdesarts.com\/gazette\/wp-json\/wp\/v2\/posts"}],"about":[{"href":"https:\/\/bonheurdesarts.com\/gazette\/wp-json\/wp\/v2\/types\/post"}],"author":[{"embeddable":true,"href":"https:\/\/bonheurdesarts.com\/gazette\/wp-json\/wp\/v2\/users\/3"}],"replies":[{"embeddable":true,"href":"https:\/\/bonheurdesarts.com\/gazette\/wp-json\/wp\/v2\/comments?post=962"}],"version-history":[{"count":6,"href":"https:\/\/bonheurdesarts.com\/gazette\/wp-json\/wp\/v2\/posts\/962\/revisions"}],"predecessor-version":[{"id":985,"href":"https:\/\/bonheurdesarts.com\/gazette\/wp-json\/wp\/v2\/posts\/962\/revisions\/985"}],"wp:featuredmedia":[{"embeddable":true,"href":"https:\/\/bonheurdesarts.com\/gazette\/wp-json\/wp\/v2\/media\/976"}],"wp:attachment":[{"href":"https:\/\/bonheurdesarts.com\/gazette\/wp-json\/wp\/v2\/media?parent=962"}],"wp:term":[{"taxonomy":"category","embeddable":true,"href":"https:\/\/bonheurdesarts.com\/gazette\/wp-json\/wp\/v2\/categories?post=962"},{"taxonomy":"post_tag","embeddable":true,"href":"https:\/\/bonheurdesarts.com\/gazette\/wp-json\/wp\/v2\/tags?post=962"}],"curies":[{"name":"wp","href":"https:\/\/api.w.org\/{rel}","templated":true}]}}