{"id":698,"date":"2019-05-26T10:34:16","date_gmt":"2019-05-26T08:34:16","guid":{"rendered":"https:\/\/bonheurdesarts.com\/gazette\/?p=698"},"modified":"2019-07-26T14:51:25","modified_gmt":"2019-07-26T12:51:25","slug":"fellini-picasso-expo-cinematheque","status":"publish","type":"post","link":"https:\/\/bonheurdesarts.com\/gazette\/expositions\/fellini-picasso-expo-cinematheque\/","title":{"rendered":"Quand Fellini r\u00eavait de Picasso (Cin\u00e9math\u00e8que)"},"content":{"rendered":"\n<p>Le r\u00e9alisateur de cin\u00e9ma et sc\u00e9nariste <a rel=\"noreferrer noopener\" aria-label=\"Federico Fellini (1920-1993) (s\u2019ouvre dans un nouvel onglet)\" href=\"https:\/\/fr.wikipedia.org\/wiki\/Federico_Fellini\" target=\"_blank\">Federico Fellini (1920-1993)<\/a> r\u00eavait donc de l\u2019artiste <a rel=\"noreferrer noopener\" aria-label=\"Pablo Picasso (1881-1973) (s\u2019ouvre dans un nouvel onglet)\" href=\"https:\/\/fr.wikipedia.org\/wiki\/Pablo_Picasso\" target=\"_blank\">Pablo Picasso (1881-1973)<\/a>. Cette confession \u00e9tonnante de l\u2019auteur de la <a rel=\"noreferrer noopener\" aria-label=\"Dolce Vita (s\u2019ouvre dans un nouvel onglet)\" href=\"https:\/\/fr.wikipedia.org\/wiki\/La_dolce_vita\" target=\"_blank\">Dolce Vita<\/a> a longtemps \u00e9t\u00e9 dissimul\u00e9e. Fellini n\u2019en parlait pas. Ou pas \u00e0 tout le monde. La chose est annonc\u00e9e dans les interviews dans les ann\u00e9es 1980. Mais l\u2019admiration provoquant des r\u00eaves forts chez Fellini remonte \u00e0 plus loin. Dans les ann\u00e9es 1960, Fellini est connu du public pour la Dolce Vita. Connu certes, mais sujet \u00e0 la r\u00e9probation, notamment apr\u00e8s la sortie de Dolce Vita. Bien que ce film soit aujourd\u2019hui un classique du cin\u00e9ma italien, il a d\u2019abord \u00e9t\u00e9 vivement critiqu\u00e9. Le public estimait alors que cette douceur de vivre n\u2019\u00e9tait qu\u2019oisivet\u00e9 et d\u00e9bauche.<\/p>\n\n\n\n<figure class=\"wp-block-image\"><img fetchpriority=\"high\" decoding=\"async\" width=\"1000\" height=\"667\" src=\"https:\/\/bonheurdesarts.com\/gazette\/wp-content\/uploads\/2019\/05\/fellini.jpg\" alt=\"Sc\u00e9nario de la Dolce Vita de Fellini, avec annotations manuscrites du cin\u00e9aste.\" class=\"wp-image-703\" srcset=\"https:\/\/bonheurdesarts.com\/gazette\/wp-content\/uploads\/2019\/05\/fellini.jpg 1000w, https:\/\/bonheurdesarts.com\/gazette\/wp-content\/uploads\/2019\/05\/fellini-300x200.jpg 300w, https:\/\/bonheurdesarts.com\/gazette\/wp-content\/uploads\/2019\/05\/fellini-768x512.jpg 768w\" sizes=\"(max-width: 1000px) 100vw, 1000px\" \/><figcaption>Sc\u00e9nario de la <em>Dolce Vita <\/em>de Fellini, avec annotations manuscrites du cin\u00e9aste<\/figcaption><\/figure>\n\n\n\n<p>Au m\u00eame moment, Fellini ressent le besoin de suivre une psychanalyse, ce qu\u2019il fit. Son docteur est un disciple de <a rel=\"noreferrer noopener\" aria-label=\"Carl Jung (1875-1961) (s\u2019ouvre dans un nouvel onglet)\" href=\"https:\/\/fr.wikipedia.org\/wiki\/Carl_Gustav_Jung\" target=\"_blank\">Carl Jung (1875-1961)<\/a>. Les contributions de Jung dans l\u2019\u00e9tude des r\u00eaves ont \u00e9t\u00e9 d\u00e9terminantes. Les songes sont analys\u00e9s comme une manifestation inconsciente du Moi profond. Fellini \u00e9voque son univers onirique durant sa psychanalyse. Le docteur l\u2019encourage \u00e0 l\u2019extraire pour le mettre sur papier. Ce qu\u2019il fit : les r\u00eaves transcrits et dessin\u00e9s du r\u00e9alisateur vous attendent d\u00e8s la premi\u00e8re salle. On comprend rapidement le respect et l\u2019admiration que Fellini voue \u00e0 Picasso. Mais c\u2019est aussi un soutien moral imaginaire ainsi qu\u2019une source d\u2019inspiration et de cr\u00e9ativit\u00e9 pour le cin\u00e9aste. Un v\u00e9ritable f\u00e9tiche onirique.<\/p>\n\n\n\n<figure class=\"wp-block-image\"><img decoding=\"async\" width=\"1000\" height=\"667\" src=\"https:\/\/bonheurdesarts.com\/gazette\/wp-content\/uploads\/2019\/05\/reve.jpg\" alt=\"Livre des r\u00eaves de Fellini, avec un portrait de Picasso. Il s'agit du journal des r\u00eaves du cin\u00e9aste italien.\" class=\"wp-image-704\" srcset=\"https:\/\/bonheurdesarts.com\/gazette\/wp-content\/uploads\/2019\/05\/reve.jpg 1000w, https:\/\/bonheurdesarts.com\/gazette\/wp-content\/uploads\/2019\/05\/reve-300x200.jpg 300w, https:\/\/bonheurdesarts.com\/gazette\/wp-content\/uploads\/2019\/05\/reve-768x512.jpg 768w\" sizes=\"(max-width: 1000px) 100vw, 1000px\" \/><figcaption>Livre des r\u00eaves de Fellini<\/figcaption><\/figure>\n\n\n\n<p>Les deux hommes sont contemporains. Des rencontres sont pr\u00e9vues par des amis communs, mais \u00e9chouent dans la plupart des cas. Les deux artistes fr\u00e9quentent souvent les m\u00eames lieux et \u00e9v\u00e9nements, sans pour autant trouver le temps de se poser pour discuter. Ces moments restent du domaine du r\u00eave.<\/p>\n\n\n\n<p>Mais l\u2019id\u00e9e qui trotte dans l\u2019esprit est de savoir si Picasso a visionn\u00e9 les films de Fellini, et surtout ce qu\u2019il en a pens\u00e9. Question sans r\u00e9ponse\u2026 Fellini a d\u00fb se poser la m\u00eame.<\/p>\n\n\n\n<p>L\u2019exposition de la <a rel=\"noreferrer noopener\" aria-label=\"Cin\u00e9math\u00e8que (s\u2019ouvre dans un nouvel onglet)\" href=\"http:\/\/www.cinematheque.fr\/\" target=\"_blank\">Cin\u00e9math\u00e8que<\/a> propose de [re]d\u00e9couvrir les sujets chers \u00e0 Fellini, en mettant en regard des productions de l\u2019artiste espagnol. La vie du cirque, les clowns, l\u2019antiquit\u00e9 et la femme forment des chapitres permettant aux deux cr\u00e9ateurs de dialoguer d\u2019\u0153uvre en \u0153uvre. C\u2019est surtout le dernier th\u00e8me qui r\u00e9sonne, et pour cause&#8230;<\/p>\n\n\n\n<ul class=\"wp-block-gallery aligncenter columns-2 is-cropped wp-block-gallery-1 is-layout-flex wp-block-gallery-is-layout-flex\"><li class=\"blocks-gallery-item\"><figure><img decoding=\"async\" width=\"667\" height=\"1000\" src=\"https:\/\/bonheurdesarts.com\/gazette\/wp-content\/uploads\/2019\/05\/fellini2.jpg\" alt=\"\" data-id=\"705\" class=\"wp-image-705\" srcset=\"https:\/\/bonheurdesarts.com\/gazette\/wp-content\/uploads\/2019\/05\/fellini2.jpg 667w, https:\/\/bonheurdesarts.com\/gazette\/wp-content\/uploads\/2019\/05\/fellini2-200x300.jpg 200w\" sizes=\"(max-width: 667px) 100vw, 667px\" \/><figcaption>Fellini<\/figcaption><\/figure><\/li><li class=\"blocks-gallery-item\"><figure><img loading=\"lazy\" decoding=\"async\" width=\"703\" height=\"1000\" src=\"https:\/\/bonheurdesarts.com\/gazette\/wp-content\/uploads\/2019\/05\/picasso2-1.jpg\" alt=\"\" data-id=\"708\" data-link=\"https:\/\/bonheurdesarts.com\/gazette\/?attachment_id=708\" class=\"wp-image-708\" srcset=\"https:\/\/bonheurdesarts.com\/gazette\/wp-content\/uploads\/2019\/05\/picasso2-1.jpg 703w, https:\/\/bonheurdesarts.com\/gazette\/wp-content\/uploads\/2019\/05\/picasso2-1-211x300.jpg 211w\" sizes=\"(max-width: 703px) 100vw, 703px\" \/><figcaption>Picasso<\/figcaption><\/figure><\/li><\/ul>\n\n\n\n<p>La femme et de la sexualit\u00e9 reviennent r\u00e9guli\u00e8rement dans la production artistique des deux hommes. Chez Picasso, le corps s\u2019exhibe avec puissance, et surtout le sexe f\u00e9minin. Chez le cin\u00e9aste, la femme est voluptueuse, et on retrouve cette monstration sensuelle des atouts f\u00e9minins. <\/p>\n\n\n\n<figure class=\"wp-block-image\"><img loading=\"lazy\" decoding=\"async\" width=\"1000\" height=\"667\" src=\"https:\/\/bonheurdesarts.com\/gazette\/wp-content\/uploads\/2019\/05\/picasso1-1.jpg\" alt=\"Il s'agit d'une \u0153uvre de Picasso : Les Femmes d'Alger d'apr\u00e8s Delacroix, 1955. Cette \u0153uvre repr\u00e9sente un harem.\" class=\"wp-image-710\" srcset=\"https:\/\/bonheurdesarts.com\/gazette\/wp-content\/uploads\/2019\/05\/picasso1-1.jpg 1000w, https:\/\/bonheurdesarts.com\/gazette\/wp-content\/uploads\/2019\/05\/picasso1-1-300x200.jpg 300w, https:\/\/bonheurdesarts.com\/gazette\/wp-content\/uploads\/2019\/05\/picasso1-1-768x512.jpg 768w\" sizes=\"(max-width: 1000px) 100vw, 1000px\" \/><figcaption>Picasso, <em>Les Femmes d&rsquo;Alger d&rsquo;apr\u00e8s Delacroix<\/em>, 1955<\/figcaption><\/figure>\n\n\n\n<p>Permettez-moi de finir cet article sur cette s\u00e9quence superbe de la Dolce Vita (1960) o\u00f9 Sylvia entre dans la fontaine de Tr\u00e9vise, avant d\u2019\u00eatre rejointe par Marcello. Une sc\u00e8ne devenue culte dans l\u2019histoire du cin\u00e9ma.<\/p>\n\n\n\n<p style=\"text-align:center\"><br> <iframe src=\"https:\/\/www.youtube.com\/embed\/7_hfZoe9FHE\" allow=\"accelerometer; autoplay; encrypted-media; gyroscope; picture-in-picture\" allowfullscreen=\"\" width=\"560\" height=\"315\" frameborder=\"0\"><\/iframe><\/p>\n<ul class=\"wpfai-list\"><li class=\"wpfai-list-item twitter\">\r\n      <a href=\"http:\/\/twitter.com\/share?text=La%20gazette%20du%20bonheur%20des%20arts&url=http%3A%2F%2Fbonheurdesarts.com%2Fgazette%2Fwp-json%2Fwp%2Fv2%2Fposts%2F698\" title=\"Twitter\" class=\"wpfai-twitter wpfai-link wpfainw\">\r\n        <span class=\"fa-stack fa-lg\">\r\n          <i class=\"fa fa-circle fa-stack-2x\"><\/i>\r\n          <i class=\"fa fa-twitter fa-stack-1x fa-inverse\"><\/i>\r\n        <\/span>\r\n      <\/a>\r\n    <\/li><li class=\"wpfai-list-item linkedin\">\r\n      <a href=\"http:\/\/linkedin.com\/shareArticle?mini=true&amp;url=http%3A%2F%2Fbonheurdesarts.com%2Fgazette%2Fwp-json%2Fwp%2Fv2%2Fposts%2F698&amp;title=La%20gazette%20du%20bonheur%20des%20arts\" title=\"Linked In\" class=\"wpfai-linkedin wpfai-link wpfainw\">\r\n        <span class=\"fa-stack fa-lg\">\r\n          <i class=\"fa fa-circle fa-stack-2x\"><\/i>\r\n          <i class=\"fa fa-linkedin fa-stack-1x fa-inverse\"><\/i>\r\n        <\/span>\r\n      <\/a>\r\n    <\/li><li class=\"wpfai-list-item facebook\">\r\n      <a href=\"http:\/\/www.facebook.com\/sharer.php?u=http%3A%2F%2Fbonheurdesarts.com%2Fgazette%2Fwp-json%2Fwp%2Fv2%2Fposts%2F698&amp;t=La%20gazette%20du%20bonheur%20des%20arts\" title=\"Facebook\" class=\"wpfai-facebook wpfai-link wpfainw\">\r\n        <span class=\"fa-stack fa-lg\">\r\n          <i class=\"fa fa-circle fa-stack-2x\"><\/i>\r\n          <i class=\"fa fa-facebook fa-stack-1x fa-inverse\"><\/i>\r\n        <\/span>\r\n      <\/a>\r\n    <\/li><li class=\"wpfai-list-item pinterest\">\r\n      <a href=\"http:\/\/pinterest.com\/pin\/create\/button\/?url=http%3A%2F%2Fbonheurdesarts.com%2Fgazette%2Fwp-json%2Fwp%2Fv2%2Fposts%2F698&amp;description=La%20gazette%20du%20bonheur%20des%20arts&amp;media=\" title=\"Pinterest\" class=\"wpfai-pinterest wpfai-link wpfainw\">\r\n        <span class=\"fa-stack fa-lg\">\r\n          <i class=\"fa fa-circle fa-stack-2x\"><\/i>\r\n          <i class=\"fa fa-pinterest fa-stack-1x fa-inverse\"><\/i>\r\n        <\/span>\r\n      <\/a>\r\n    <\/li><li class=\"wpfai-list-item envelope\">\r\n      <a href=\"mailto:?subject=La%20gazette%20du%20bonheur%20des%20arts&amp;body=http%3A%2F%2Fbonheurdesarts.com%2Fgazette%2Fwp-json%2Fwp%2Fv2%2Fposts%2F698%20-%20\" title=\"E-Mail\" class=\"wpfai-envelope wpfai-link wpfainw\">\r\n        <span class=\"fa-stack fa-lg\">\r\n          <i class=\"fa fa-circle fa-stack-2x\"><\/i>\r\n          <i class=\"fa fa-envelope fa-stack-1x fa-inverse\"><\/i>\r\n        <\/span>\r\n      <\/a>\r\n    <\/li><\/ul>","protected":false},"excerpt":{"rendered":"<p>Le r\u00e9alisateur de cin\u00e9ma et sc\u00e9nariste Federico Fellini (1920-1993) r\u00eavait donc de l\u2019artiste Pablo Picasso (1881-1973). Cette confession \u00e9tonnante de l\u2019auteur de la Dolce Vita a longtemps \u00e9t\u00e9 dissimul\u00e9e. Fellini&hellip;<\/p>\n","protected":false},"author":3,"featured_media":702,"comment_status":"open","ping_status":"open","sticky":false,"template":"","format":"standard","meta":{"footnotes":""},"categories":[5],"tags":[89,136,214,213,212],"class_list":["post-698","post","type-post","status-publish","format-standard","has-post-thumbnail","hentry","category-expositions","tag-art-contemporain","tag-cinema","tag-cinematheque","tag-fellini","tag-picasso"],"yoast_head":"<!-- This site is optimized with the Yoast SEO plugin v26.8 - https:\/\/yoast.com\/product\/yoast-seo-wordpress\/ -->\n<title>Quand Fellini r\u00eavait de Picasso (Cin\u00e9math\u00e8que) - La gazette du bonheur des arts<\/title>\n<meta name=\"description\" content=\"La Cin\u00e9math\u00e8que (Paris) propose une exposition consacr\u00e9e au cin\u00e9aste Fellini qui vouait une admiration sans faille pour Picasso.\" \/>\n<meta name=\"robots\" content=\"index, follow, max-snippet:-1, max-image-preview:large, max-video-preview:-1\" \/>\n<link rel=\"canonical\" href=\"https:\/\/bonheurdesarts.com\/gazette\/expositions\/fellini-picasso-expo-cinematheque\/\" \/>\n<meta property=\"og:locale\" content=\"fr_FR\" \/>\n<meta property=\"og:type\" content=\"article\" \/>\n<meta property=\"og:title\" content=\"Quand Fellini r\u00eavait de Picasso (Cin\u00e9math\u00e8que) - La gazette du bonheur des arts\" \/>\n<meta property=\"og:description\" content=\"La Cin\u00e9math\u00e8que (Paris) propose une exposition consacr\u00e9e au cin\u00e9aste Fellini qui vouait une admiration sans faille pour Picasso.\" \/>\n<meta property=\"og:url\" content=\"https:\/\/bonheurdesarts.com\/gazette\/expositions\/fellini-picasso-expo-cinematheque\/\" \/>\n<meta property=\"og:site_name\" content=\"La gazette du bonheur des arts\" \/>\n<meta property=\"article:published_time\" content=\"2019-05-26T08:34:16+00:00\" \/>\n<meta property=\"article:modified_time\" content=\"2019-07-26T12:51:25+00:00\" \/>\n<meta property=\"og:image\" content=\"https:\/\/bonheurdesarts.com\/gazette\/wp-content\/uploads\/2019\/05\/titre.jpg\" \/>\n\t<meta property=\"og:image:width\" content=\"1000\" \/>\n\t<meta property=\"og:image:height\" content=\"555\" \/>\n\t<meta property=\"og:image:type\" content=\"image\/jpeg\" \/>\n<meta name=\"author\" content=\"Sabine Pasdelou, PhD\" \/>\n<meta name=\"twitter:card\" content=\"summary_large_image\" \/>\n<meta name=\"twitter:creator\" content=\"@bonheurdesarts\" \/>\n<meta name=\"twitter:site\" content=\"@bonheurdesarts\" \/>\n<meta name=\"twitter:label1\" content=\"\u00c9crit par\" \/>\n\t<meta name=\"twitter:data1\" content=\"Sabine Pasdelou, PhD\" \/>\n\t<meta name=\"twitter:label2\" content=\"Dur\u00e9e de lecture estim\u00e9e\" \/>\n\t<meta name=\"twitter:data2\" content=\"3 minutes\" \/>\n<script type=\"application\/ld+json\" class=\"yoast-schema-graph\">{\"@context\":\"https:\/\/schema.org\",\"@graph\":[{\"@type\":\"Article\",\"@id\":\"https:\/\/bonheurdesarts.com\/gazette\/expositions\/fellini-picasso-expo-cinematheque\/#article\",\"isPartOf\":{\"@id\":\"https:\/\/bonheurdesarts.com\/gazette\/expositions\/fellini-picasso-expo-cinematheque\/\"},\"author\":{\"name\":\"Sabine Pasdelou, PhD\",\"@id\":\"https:\/\/bonheurdesarts.com\/gazette\/#\/schema\/person\/2b71fce55f454e45fc60689063fad14f\"},\"headline\":\"Quand Fellini r\u00eavait de Picasso (Cin\u00e9math\u00e8que)\",\"datePublished\":\"2019-05-26T08:34:16+00:00\",\"dateModified\":\"2019-07-26T12:51:25+00:00\",\"mainEntityOfPage\":{\"@id\":\"https:\/\/bonheurdesarts.com\/gazette\/expositions\/fellini-picasso-expo-cinematheque\/\"},\"wordCount\":551,\"commentCount\":0,\"publisher\":{\"@id\":\"https:\/\/bonheurdesarts.com\/gazette\/#organization\"},\"image\":{\"@id\":\"https:\/\/bonheurdesarts.com\/gazette\/expositions\/fellini-picasso-expo-cinematheque\/#primaryimage\"},\"thumbnailUrl\":\"https:\/\/bonheurdesarts.com\/gazette\/wp-content\/uploads\/2019\/05\/titre.jpg\",\"keywords\":[\"art contemporain\",\"cin\u00e9ma\",\"cin\u00e9math\u00e8que\",\"fellini\",\"picasso\"],\"articleSection\":[\"Expositions\"],\"inLanguage\":\"fr-FR\",\"potentialAction\":[{\"@type\":\"CommentAction\",\"name\":\"Comment\",\"target\":[\"https:\/\/bonheurdesarts.com\/gazette\/expositions\/fellini-picasso-expo-cinematheque\/#respond\"]}]},{\"@type\":\"WebPage\",\"@id\":\"https:\/\/bonheurdesarts.com\/gazette\/expositions\/fellini-picasso-expo-cinematheque\/\",\"url\":\"https:\/\/bonheurdesarts.com\/gazette\/expositions\/fellini-picasso-expo-cinematheque\/\",\"name\":\"Quand Fellini r\u00eavait de Picasso (Cin\u00e9math\u00e8que) - La gazette du bonheur des arts\",\"isPartOf\":{\"@id\":\"https:\/\/bonheurdesarts.com\/gazette\/#website\"},\"primaryImageOfPage\":{\"@id\":\"https:\/\/bonheurdesarts.com\/gazette\/expositions\/fellini-picasso-expo-cinematheque\/#primaryimage\"},\"image\":{\"@id\":\"https:\/\/bonheurdesarts.com\/gazette\/expositions\/fellini-picasso-expo-cinematheque\/#primaryimage\"},\"thumbnailUrl\":\"https:\/\/bonheurdesarts.com\/gazette\/wp-content\/uploads\/2019\/05\/titre.jpg\",\"datePublished\":\"2019-05-26T08:34:16+00:00\",\"dateModified\":\"2019-07-26T12:51:25+00:00\",\"description\":\"La Cin\u00e9math\u00e8que (Paris) propose une exposition consacr\u00e9e au cin\u00e9aste Fellini qui vouait une admiration sans faille pour Picasso.\",\"breadcrumb\":{\"@id\":\"https:\/\/bonheurdesarts.com\/gazette\/expositions\/fellini-picasso-expo-cinematheque\/#breadcrumb\"},\"inLanguage\":\"fr-FR\",\"potentialAction\":[{\"@type\":\"ReadAction\",\"target\":[\"https:\/\/bonheurdesarts.com\/gazette\/expositions\/fellini-picasso-expo-cinematheque\/\"]}]},{\"@type\":\"ImageObject\",\"inLanguage\":\"fr-FR\",\"@id\":\"https:\/\/bonheurdesarts.com\/gazette\/expositions\/fellini-picasso-expo-cinematheque\/#primaryimage\",\"url\":\"https:\/\/bonheurdesarts.com\/gazette\/wp-content\/uploads\/2019\/05\/titre.jpg\",\"contentUrl\":\"https:\/\/bonheurdesarts.com\/gazette\/wp-content\/uploads\/2019\/05\/titre.jpg\",\"width\":1000,\"height\":555,\"caption\":\"Photo de pr\u00e9sentation de l'exposition : entr\u00e9e de la salle avec mention des artistes\"},{\"@type\":\"BreadcrumbList\",\"@id\":\"https:\/\/bonheurdesarts.com\/gazette\/expositions\/fellini-picasso-expo-cinematheque\/#breadcrumb\",\"itemListElement\":[{\"@type\":\"ListItem\",\"position\":1,\"name\":\"Accueil\",\"item\":\"https:\/\/bonheurdesarts.com\/gazette\/\"},{\"@type\":\"ListItem\",\"position\":2,\"name\":\"Quand Fellini r\u00eavait de Picasso (Cin\u00e9math\u00e8que)\"}]},{\"@type\":\"WebSite\",\"@id\":\"https:\/\/bonheurdesarts.com\/gazette\/#website\",\"url\":\"https:\/\/bonheurdesarts.com\/gazette\/\",\"name\":\"La gazette du bonheur des arts\",\"description\":\"\",\"publisher\":{\"@id\":\"https:\/\/bonheurdesarts.com\/gazette\/#organization\"},\"potentialAction\":[{\"@type\":\"SearchAction\",\"target\":{\"@type\":\"EntryPoint\",\"urlTemplate\":\"https:\/\/bonheurdesarts.com\/gazette\/?s={search_term_string}\"},\"query-input\":{\"@type\":\"PropertyValueSpecification\",\"valueRequired\":true,\"valueName\":\"search_term_string\"}}],\"inLanguage\":\"fr-FR\"},{\"@type\":\"Organization\",\"@id\":\"https:\/\/bonheurdesarts.com\/gazette\/#organization\",\"name\":\"Au Bonheur des Arts\",\"url\":\"https:\/\/bonheurdesarts.com\/gazette\/\",\"logo\":{\"@type\":\"ImageObject\",\"inLanguage\":\"fr-FR\",\"@id\":\"https:\/\/bonheurdesarts.com\/gazette\/#\/schema\/logo\/image\/\",\"url\":\"https:\/\/bonheurdesarts.com\/gazette\/wp-content\/uploads\/2020\/02\/favicon-256px.png\",\"contentUrl\":\"https:\/\/bonheurdesarts.com\/gazette\/wp-content\/uploads\/2020\/02\/favicon-256px.png\",\"width\":256,\"height\":256,\"caption\":\"Au Bonheur des Arts\"},\"image\":{\"@id\":\"https:\/\/bonheurdesarts.com\/gazette\/#\/schema\/logo\/image\/\"},\"sameAs\":[\"https:\/\/x.com\/bonheurdesarts\",\"https:\/\/www.instagram.com\/bonheurdesarts\/\"]},{\"@type\":\"Person\",\"@id\":\"https:\/\/bonheurdesarts.com\/gazette\/#\/schema\/person\/2b71fce55f454e45fc60689063fad14f\",\"name\":\"Sabine Pasdelou, PhD\",\"image\":{\"@type\":\"ImageObject\",\"inLanguage\":\"fr-FR\",\"@id\":\"https:\/\/bonheurdesarts.com\/gazette\/#\/schema\/person\/image\/\",\"url\":\"https:\/\/secure.gravatar.com\/avatar\/d45be97383d36eba9f62ea5ba3c9e627044cc06a11cc2c842b8607db17a1ae55?s=96&d=mm&r=g\",\"contentUrl\":\"https:\/\/secure.gravatar.com\/avatar\/d45be97383d36eba9f62ea5ba3c9e627044cc06a11cc2c842b8607db17a1ae55?s=96&d=mm&r=g\",\"caption\":\"Sabine Pasdelou, PhD\"},\"sameAs\":[\"http:\/\/sabine-pasdelou.com\"],\"url\":\"https:\/\/bonheurdesarts.com\/gazette\/author\/sabine-pasdelou\/\"}]}<\/script>\n<!-- \/ Yoast SEO plugin. -->","yoast_head_json":{"title":"Quand Fellini r\u00eavait de Picasso (Cin\u00e9math\u00e8que) - La gazette du bonheur des arts","description":"La Cin\u00e9math\u00e8que (Paris) propose une exposition consacr\u00e9e au cin\u00e9aste Fellini qui vouait une admiration sans faille pour Picasso.","robots":{"index":"index","follow":"follow","max-snippet":"max-snippet:-1","max-image-preview":"max-image-preview:large","max-video-preview":"max-video-preview:-1"},"canonical":"https:\/\/bonheurdesarts.com\/gazette\/expositions\/fellini-picasso-expo-cinematheque\/","og_locale":"fr_FR","og_type":"article","og_title":"Quand Fellini r\u00eavait de Picasso (Cin\u00e9math\u00e8que) - La gazette du bonheur des arts","og_description":"La Cin\u00e9math\u00e8que (Paris) propose une exposition consacr\u00e9e au cin\u00e9aste Fellini qui vouait une admiration sans faille pour Picasso.","og_url":"https:\/\/bonheurdesarts.com\/gazette\/expositions\/fellini-picasso-expo-cinematheque\/","og_site_name":"La gazette du bonheur des arts","article_published_time":"2019-05-26T08:34:16+00:00","article_modified_time":"2019-07-26T12:51:25+00:00","og_image":[{"width":1000,"height":555,"url":"https:\/\/bonheurdesarts.com\/gazette\/wp-content\/uploads\/2019\/05\/titre.jpg","type":"image\/jpeg"}],"author":"Sabine Pasdelou, PhD","twitter_card":"summary_large_image","twitter_creator":"@bonheurdesarts","twitter_site":"@bonheurdesarts","twitter_misc":{"\u00c9crit par":"Sabine Pasdelou, PhD","Dur\u00e9e de lecture estim\u00e9e":"3 minutes"},"schema":{"@context":"https:\/\/schema.org","@graph":[{"@type":"Article","@id":"https:\/\/bonheurdesarts.com\/gazette\/expositions\/fellini-picasso-expo-cinematheque\/#article","isPartOf":{"@id":"https:\/\/bonheurdesarts.com\/gazette\/expositions\/fellini-picasso-expo-cinematheque\/"},"author":{"name":"Sabine Pasdelou, PhD","@id":"https:\/\/bonheurdesarts.com\/gazette\/#\/schema\/person\/2b71fce55f454e45fc60689063fad14f"},"headline":"Quand Fellini r\u00eavait de Picasso (Cin\u00e9math\u00e8que)","datePublished":"2019-05-26T08:34:16+00:00","dateModified":"2019-07-26T12:51:25+00:00","mainEntityOfPage":{"@id":"https:\/\/bonheurdesarts.com\/gazette\/expositions\/fellini-picasso-expo-cinematheque\/"},"wordCount":551,"commentCount":0,"publisher":{"@id":"https:\/\/bonheurdesarts.com\/gazette\/#organization"},"image":{"@id":"https:\/\/bonheurdesarts.com\/gazette\/expositions\/fellini-picasso-expo-cinematheque\/#primaryimage"},"thumbnailUrl":"https:\/\/bonheurdesarts.com\/gazette\/wp-content\/uploads\/2019\/05\/titre.jpg","keywords":["art contemporain","cin\u00e9ma","cin\u00e9math\u00e8que","fellini","picasso"],"articleSection":["Expositions"],"inLanguage":"fr-FR","potentialAction":[{"@type":"CommentAction","name":"Comment","target":["https:\/\/bonheurdesarts.com\/gazette\/expositions\/fellini-picasso-expo-cinematheque\/#respond"]}]},{"@type":"WebPage","@id":"https:\/\/bonheurdesarts.com\/gazette\/expositions\/fellini-picasso-expo-cinematheque\/","url":"https:\/\/bonheurdesarts.com\/gazette\/expositions\/fellini-picasso-expo-cinematheque\/","name":"Quand Fellini r\u00eavait de Picasso (Cin\u00e9math\u00e8que) - La gazette du bonheur des arts","isPartOf":{"@id":"https:\/\/bonheurdesarts.com\/gazette\/#website"},"primaryImageOfPage":{"@id":"https:\/\/bonheurdesarts.com\/gazette\/expositions\/fellini-picasso-expo-cinematheque\/#primaryimage"},"image":{"@id":"https:\/\/bonheurdesarts.com\/gazette\/expositions\/fellini-picasso-expo-cinematheque\/#primaryimage"},"thumbnailUrl":"https:\/\/bonheurdesarts.com\/gazette\/wp-content\/uploads\/2019\/05\/titre.jpg","datePublished":"2019-05-26T08:34:16+00:00","dateModified":"2019-07-26T12:51:25+00:00","description":"La Cin\u00e9math\u00e8que (Paris) propose une exposition consacr\u00e9e au cin\u00e9aste Fellini qui vouait une admiration sans faille pour Picasso.","breadcrumb":{"@id":"https:\/\/bonheurdesarts.com\/gazette\/expositions\/fellini-picasso-expo-cinematheque\/#breadcrumb"},"inLanguage":"fr-FR","potentialAction":[{"@type":"ReadAction","target":["https:\/\/bonheurdesarts.com\/gazette\/expositions\/fellini-picasso-expo-cinematheque\/"]}]},{"@type":"ImageObject","inLanguage":"fr-FR","@id":"https:\/\/bonheurdesarts.com\/gazette\/expositions\/fellini-picasso-expo-cinematheque\/#primaryimage","url":"https:\/\/bonheurdesarts.com\/gazette\/wp-content\/uploads\/2019\/05\/titre.jpg","contentUrl":"https:\/\/bonheurdesarts.com\/gazette\/wp-content\/uploads\/2019\/05\/titre.jpg","width":1000,"height":555,"caption":"Photo de pr\u00e9sentation de l'exposition : entr\u00e9e de la salle avec mention des artistes"},{"@type":"BreadcrumbList","@id":"https:\/\/bonheurdesarts.com\/gazette\/expositions\/fellini-picasso-expo-cinematheque\/#breadcrumb","itemListElement":[{"@type":"ListItem","position":1,"name":"Accueil","item":"https:\/\/bonheurdesarts.com\/gazette\/"},{"@type":"ListItem","position":2,"name":"Quand Fellini r\u00eavait de Picasso (Cin\u00e9math\u00e8que)"}]},{"@type":"WebSite","@id":"https:\/\/bonheurdesarts.com\/gazette\/#website","url":"https:\/\/bonheurdesarts.com\/gazette\/","name":"La gazette du bonheur des arts","description":"","publisher":{"@id":"https:\/\/bonheurdesarts.com\/gazette\/#organization"},"potentialAction":[{"@type":"SearchAction","target":{"@type":"EntryPoint","urlTemplate":"https:\/\/bonheurdesarts.com\/gazette\/?s={search_term_string}"},"query-input":{"@type":"PropertyValueSpecification","valueRequired":true,"valueName":"search_term_string"}}],"inLanguage":"fr-FR"},{"@type":"Organization","@id":"https:\/\/bonheurdesarts.com\/gazette\/#organization","name":"Au Bonheur des Arts","url":"https:\/\/bonheurdesarts.com\/gazette\/","logo":{"@type":"ImageObject","inLanguage":"fr-FR","@id":"https:\/\/bonheurdesarts.com\/gazette\/#\/schema\/logo\/image\/","url":"https:\/\/bonheurdesarts.com\/gazette\/wp-content\/uploads\/2020\/02\/favicon-256px.png","contentUrl":"https:\/\/bonheurdesarts.com\/gazette\/wp-content\/uploads\/2020\/02\/favicon-256px.png","width":256,"height":256,"caption":"Au Bonheur des Arts"},"image":{"@id":"https:\/\/bonheurdesarts.com\/gazette\/#\/schema\/logo\/image\/"},"sameAs":["https:\/\/x.com\/bonheurdesarts","https:\/\/www.instagram.com\/bonheurdesarts\/"]},{"@type":"Person","@id":"https:\/\/bonheurdesarts.com\/gazette\/#\/schema\/person\/2b71fce55f454e45fc60689063fad14f","name":"Sabine Pasdelou, PhD","image":{"@type":"ImageObject","inLanguage":"fr-FR","@id":"https:\/\/bonheurdesarts.com\/gazette\/#\/schema\/person\/image\/","url":"https:\/\/secure.gravatar.com\/avatar\/d45be97383d36eba9f62ea5ba3c9e627044cc06a11cc2c842b8607db17a1ae55?s=96&d=mm&r=g","contentUrl":"https:\/\/secure.gravatar.com\/avatar\/d45be97383d36eba9f62ea5ba3c9e627044cc06a11cc2c842b8607db17a1ae55?s=96&d=mm&r=g","caption":"Sabine Pasdelou, PhD"},"sameAs":["http:\/\/sabine-pasdelou.com"],"url":"https:\/\/bonheurdesarts.com\/gazette\/author\/sabine-pasdelou\/"}]}},"_links":{"self":[{"href":"https:\/\/bonheurdesarts.com\/gazette\/wp-json\/wp\/v2\/posts\/698","targetHints":{"allow":["GET"]}}],"collection":[{"href":"https:\/\/bonheurdesarts.com\/gazette\/wp-json\/wp\/v2\/posts"}],"about":[{"href":"https:\/\/bonheurdesarts.com\/gazette\/wp-json\/wp\/v2\/types\/post"}],"author":[{"embeddable":true,"href":"https:\/\/bonheurdesarts.com\/gazette\/wp-json\/wp\/v2\/users\/3"}],"replies":[{"embeddable":true,"href":"https:\/\/bonheurdesarts.com\/gazette\/wp-json\/wp\/v2\/comments?post=698"}],"version-history":[{"count":6,"href":"https:\/\/bonheurdesarts.com\/gazette\/wp-json\/wp\/v2\/posts\/698\/revisions"}],"predecessor-version":[{"id":780,"href":"https:\/\/bonheurdesarts.com\/gazette\/wp-json\/wp\/v2\/posts\/698\/revisions\/780"}],"wp:featuredmedia":[{"embeddable":true,"href":"https:\/\/bonheurdesarts.com\/gazette\/wp-json\/wp\/v2\/media\/702"}],"wp:attachment":[{"href":"https:\/\/bonheurdesarts.com\/gazette\/wp-json\/wp\/v2\/media?parent=698"}],"wp:term":[{"taxonomy":"category","embeddable":true,"href":"https:\/\/bonheurdesarts.com\/gazette\/wp-json\/wp\/v2\/categories?post=698"},{"taxonomy":"post_tag","embeddable":true,"href":"https:\/\/bonheurdesarts.com\/gazette\/wp-json\/wp\/v2\/tags?post=698"}],"curies":[{"name":"wp","href":"https:\/\/api.w.org\/{rel}","templated":true}]}}