{"id":476,"date":"2018-07-09T09:46:32","date_gmt":"2018-07-09T07:46:32","guid":{"rendered":"https:\/\/bonheurdesarts.com\/gazette\/?p=476"},"modified":"2019-07-26T16:37:21","modified_gmt":"2019-07-26T14:37:21","slug":"foujita-lexposition-au-musee-maillol","status":"publish","type":"post","link":"https:\/\/bonheurdesarts.com\/gazette\/expositions\/foujita-lexposition-au-musee-maillol\/","title":{"rendered":"Foujita : l\u2019exposition au mus\u00e9e Maillol"},"content":{"rendered":"\t\t<div data-elementor-type=\"wp-post\" data-elementor-id=\"476\" class=\"elementor elementor-476 elementor-bc-flex-widget\">\n\t\t\t\t\t\t<section class=\"elementor-section elementor-top-section elementor-element elementor-element-4a92b2c2 elementor-section-boxed elementor-section-height-default elementor-section-height-default\" data-id=\"4a92b2c2\" data-element_type=\"section\">\n\t\t\t\t\t\t<div class=\"elementor-container elementor-column-gap-default\">\n\t\t\t\t\t<div class=\"elementor-column elementor-col-100 elementor-top-column elementor-element elementor-element-2b5caf3f\" data-id=\"2b5caf3f\" data-element_type=\"column\">\n\t\t\t<div class=\"elementor-widget-wrap elementor-element-populated\">\n\t\t\t\t\t\t<div class=\"elementor-element elementor-element-52e73266 elementor-widget elementor-widget-text-editor\" data-id=\"52e73266\" data-element_type=\"widget\" data-widget_type=\"text-editor.default\">\n\t\t\t\t<div class=\"elementor-widget-container\">\n\t\t\t\t\t\t\t\t\t<h2>Foujita : peindre dans les ann\u00e9es folles<\/h2><p style=\"text-align: justify;\">Pour c\u00e9l\u00e9brer le 50e anniversaire de la mort de L\u00e9onard Tsuguharu Foujita (1886-1968), le <a href=\"https:\/\/www.museemaillol.com\/fr\/foujita\" target=\"_blank\" rel=\"noopener\">mus\u00e9e Maillol<\/a> propose une r\u00e9trospective consacr\u00e9e \u00e0 l\u2019artiste japonais naturalis\u00e9 fran\u00e7ais. Foujita arrive en France en 1913. Son r\u00eave : d\u00e9couvrir Paris, alors capitale du monde artistique. Foujita conna\u00eet bien la peinture occidentale puisqu\u2019il est dipl\u00f4m\u00e9 de l\u2019\u00c9cole des Beaux-Arts de Tokyo. Cette institution a \u00e9t\u00e9 dirig\u00e9e par le peintre <a href=\"https:\/\/fr.wikipedia.org\/wiki\/Kuroda_Seiki\" target=\"_blank\" rel=\"noopener\">Kuroda Seiki (1866-1924)<\/a>, venu \u00e0 Paris \u00e0 la fin du XIXe si\u00e8cle pour se former dans l\u2019atelier de <a href=\"https:\/\/fr.wikipedia.org\/wiki\/Louis-Joseph-Rapha%C3%ABl_Collin\" target=\"_blank\" rel=\"noopener\">Rapha\u00ebl Collin (1820-1900)<\/a>. Cette \u00e9cole enseignant aux Japonais l\u2019art occidental acad\u00e9mique donne envie \u00e0 Foujita de d\u00e9couvrir l&rsquo;Occident par lui-m\u00eame. Il arrive donc \u00e0 Paris en 1913 ; tr\u00e8s vite, il se fait de nombreux amis \u00e0 Montmartre : <a href=\"https:\/\/fr.wikipedia.org\/wiki\/Pablo_Picasso\" target=\"_blank\" rel=\"noopener\">Pablo Picasso (1881-1973)<\/a>, <a href=\"https:\/\/fr.wikipedia.org\/wiki\/Henri_Matisse\" target=\"_blank\" rel=\"noopener\">Henri Matisse (1869-1954)<\/a>, <a href=\"https:\/\/fr.wikipedia.org\/wiki\/Amedeo_Modigliani\" target=\"_blank\" rel=\"noopener\">Amedeo Modigliani (1884-1920)<\/a>\u2026cela fait r\u00eaver !<\/p><p style=\"text-align: justify;\">Foujita commence \u00e0 peindre dans ce Paris endiabl\u00e9 des ann\u00e9es folles. L\u2019exposition retrace la vie et l\u2019\u0153uvre du cr\u00e9ateur, sans mettre de c\u00f4t\u00e9 son cercle intime. Les portraits de ses proches r\u00e9sonnent par ailleurs avec les extraits de films tourn\u00e9s par l\u2019artiste. Ces extraits vous permettront de vous plonger dans le quotidien de Foujita, et plus largement de voir des fragments de Paris et de New York \u00e0 la Belle \u00c9poque. \u00c0 c\u00f4t\u00e9 de ces \u0153uvres, de nombreux autoportraits et repr\u00e9sentations de chats rythment l\u2019exposition : c\u2019est un Foujita intime qui est ici d\u00e9voil\u00e9&#8230;<\/p><p style=\"text-align: justify;\">Vous aurez la possibilit\u00e9 d&rsquo;appr\u00e9cier de pr\u00e8s les \u0153uvres incontournables du cr\u00e9ateur : prenez le temps d&rsquo;examiner son trac\u00e9, dont la finesse et l&rsquo;extr\u00eame pr\u00e9cision sont des \u00e9l\u00e9ments caract\u00e9ristiques de sa technique m\u00ealant style oriental et art occidental. De grands formats sont \u00e9galement pr\u00e9sents dans l&rsquo;exposition : vous pourrez ainsi observer l&rsquo;influence de Michel-Ange et de Rodin (entre autres) dans le travail de Foujita.<\/p><p style=\"text-align: justify;\">Peintures, dessins, grands formats, paravents et meubles vous attendent au mus\u00e9e Maillol jusqu\u2019au 16 juillet. Et pas de panique si vous ratez la r\u00e9trospective : celle-ci sera propos\u00e9e ensuite \u00e0 la <a href=\"https:\/\/www.mcjp.fr\/\" target=\"_blank\" rel=\"noopener\">Maison de la Culture du Japon<\/a> du 16 janvier au 16 mars 2019.<\/p>\t\t\t\t\t\t\t\t<\/div>\n\t\t\t\t<\/div>\n\t\t\t\t\t<\/div>\n\t\t<\/div>\n\t\t\t\t\t<\/div>\n\t\t<\/section>\n\t\t\t\t<section class=\"elementor-section elementor-top-section elementor-element elementor-element-9859fcd elementor-section-boxed elementor-section-height-default elementor-section-height-default\" data-id=\"9859fcd\" data-element_type=\"section\">\n\t\t\t\t\t\t<div class=\"elementor-container elementor-column-gap-default\">\n\t\t\t\t\t<div class=\"elementor-column elementor-col-100 elementor-top-column elementor-element elementor-element-18650f0\" data-id=\"18650f0\" data-element_type=\"column\">\n\t\t\t<div class=\"elementor-widget-wrap elementor-element-populated\">\n\t\t\t\t\t\t<div class=\"elementor-element elementor-element-22e4585 elementor-arrows-position-inside elementor-pagination-position-outside elementor-widget elementor-widget-image-carousel\" data-id=\"22e4585\" data-element_type=\"widget\" data-settings=\"{&quot;navigation&quot;:&quot;both&quot;,&quot;autoplay&quot;:&quot;yes&quot;,&quot;pause_on_hover&quot;:&quot;yes&quot;,&quot;pause_on_interaction&quot;:&quot;yes&quot;,&quot;autoplay_speed&quot;:5000,&quot;infinite&quot;:&quot;yes&quot;,&quot;speed&quot;:500}\" data-widget_type=\"image-carousel.default\">\n\t\t\t\t<div class=\"elementor-widget-container\">\n\t\t\t\t\t\t\t<div class=\"elementor-image-carousel-wrapper swiper\" role=\"region\" aria-roledescription=\"carousel\" aria-label=\"Carrousel d\u2019images\" dir=\"ltr\">\n\t\t\t<div class=\"elementor-image-carousel swiper-wrapper\" aria-live=\"off\">\n\t\t\t\t\t\t\t\t<div class=\"swiper-slide\" role=\"group\" aria-roledescription=\"slide\" aria-label=\"1 sur 7\"><a data-elementor-open-lightbox=\"yes\" data-elementor-lightbox-slideshow=\"22e4585\" data-elementor-lightbox-title=\"IMG_20180626_1540238\" data-elementor-lightbox-description=\"La femme au miroir, 1918\" data-e-action-hash=\"#elementor-action%3Aaction%3Dlightbox%26settings%3DeyJpZCI6NDg3LCJ1cmwiOiJodHRwczpcL1wvYm9uaGV1cmRlc2FydHMuY29tXC9nYXpldHRlXC93cC1jb250ZW50XC91cGxvYWRzXC8yMDE4XC8wN1wvSU1HXzIwMTgwNjI2XzE1NDAyMzguanBnIiwic2xpZGVzaG93IjoiMjJlNDU4NSJ9\" href=\"https:\/\/bonheurdesarts.com\/gazette\/wp-content\/uploads\/2018\/07\/IMG_20180626_1540238.jpg\"><figure class=\"swiper-slide-inner\"><img decoding=\"async\" class=\"swiper-slide-image\" src=\"https:\/\/bonheurdesarts.com\/gazette\/wp-content\/uploads\/2018\/07\/IMG_20180626_1540238-150x150.jpg\" alt=\"IMG_20180626_1540238\" \/><figcaption class=\"elementor-image-carousel-caption\">La femme au miroir, 1918<\/figcaption><\/figure><\/a><\/div><div class=\"swiper-slide\" role=\"group\" aria-roledescription=\"slide\" aria-label=\"2 sur 7\"><a data-elementor-open-lightbox=\"yes\" data-elementor-lightbox-slideshow=\"22e4585\" data-elementor-lightbox-title=\"IMG_20180626_1539352_1\" data-elementor-lightbox-description=\"Le petit Bouddha, 1919\" data-e-action-hash=\"#elementor-action%3Aaction%3Dlightbox%26settings%3DeyJpZCI6NDg1LCJ1cmwiOiJodHRwczpcL1wvYm9uaGV1cmRlc2FydHMuY29tXC9nYXpldHRlXC93cC1jb250ZW50XC91cGxvYWRzXC8yMDE4XC8wN1wvSU1HXzIwMTgwNjI2XzE1MzkzNTJfMS5qcGciLCJzbGlkZXNob3ciOiIyMmU0NTg1In0%3D\" href=\"https:\/\/bonheurdesarts.com\/gazette\/wp-content\/uploads\/2018\/07\/IMG_20180626_1539352_1.jpg\"><figure class=\"swiper-slide-inner\"><img decoding=\"async\" class=\"swiper-slide-image\" src=\"https:\/\/bonheurdesarts.com\/gazette\/wp-content\/uploads\/2018\/07\/IMG_20180626_1539352_1-150x150.jpg\" alt=\"IMG_20180626_1539352_1\" \/><figcaption class=\"elementor-image-carousel-caption\">Le petit Bouddha, 1919<\/figcaption><\/figure><\/a><\/div><div class=\"swiper-slide\" role=\"group\" aria-roledescription=\"slide\" aria-label=\"3 sur 7\"><a data-elementor-open-lightbox=\"yes\" data-elementor-lightbox-slideshow=\"22e4585\" data-elementor-lightbox-title=\"IMG_20180626_1612548\" data-elementor-lightbox-description=\"Autoportrait \u00e0 la pipe, 1924\" data-e-action-hash=\"#elementor-action%3Aaction%3Dlightbox%26settings%3DeyJpZCI6NDg4LCJ1cmwiOiJodHRwczpcL1wvYm9uaGV1cmRlc2FydHMuY29tXC9nYXpldHRlXC93cC1jb250ZW50XC91cGxvYWRzXC8yMDE4XC8wN1wvSU1HXzIwMTgwNjI2XzE2MTI1NDguanBnIiwic2xpZGVzaG93IjoiMjJlNDU4NSJ9\" href=\"https:\/\/bonheurdesarts.com\/gazette\/wp-content\/uploads\/2018\/07\/IMG_20180626_1612548.jpg\"><figure class=\"swiper-slide-inner\"><img decoding=\"async\" class=\"swiper-slide-image\" src=\"https:\/\/bonheurdesarts.com\/gazette\/wp-content\/uploads\/2018\/07\/IMG_20180626_1612548-150x150.jpg\" alt=\"IMG_20180626_1612548\" \/><figcaption class=\"elementor-image-carousel-caption\">Autoportrait \u00e0 la pipe, 1924<\/figcaption><\/figure><\/a><\/div><div class=\"swiper-slide\" role=\"group\" aria-roledescription=\"slide\" aria-label=\"4 sur 7\"><a data-elementor-open-lightbox=\"yes\" data-elementor-lightbox-slideshow=\"22e4585\" data-elementor-lightbox-title=\"IMG_20180626_1613073\" data-elementor-lightbox-description=\"Autoportrait au chat, 1928\" data-e-action-hash=\"#elementor-action%3Aaction%3Dlightbox%26settings%3DeyJpZCI6NDg5LCJ1cmwiOiJodHRwczpcL1wvYm9uaGV1cmRlc2FydHMuY29tXC9nYXpldHRlXC93cC1jb250ZW50XC91cGxvYWRzXC8yMDE4XC8wN1wvSU1HXzIwMTgwNjI2XzE2MTMwNzMuanBnIiwic2xpZGVzaG93IjoiMjJlNDU4NSJ9\" href=\"https:\/\/bonheurdesarts.com\/gazette\/wp-content\/uploads\/2018\/07\/IMG_20180626_1613073.jpg\"><figure class=\"swiper-slide-inner\"><img decoding=\"async\" class=\"swiper-slide-image\" src=\"https:\/\/bonheurdesarts.com\/gazette\/wp-content\/uploads\/2018\/07\/IMG_20180626_1613073-150x150.jpg\" alt=\"IMG_20180626_1613073\" \/><figcaption class=\"elementor-image-carousel-caption\">Autoportrait au chat, 1928<\/figcaption><\/figure><\/a><\/div><div class=\"swiper-slide\" role=\"group\" aria-roledescription=\"slide\" aria-label=\"5 sur 7\"><a data-elementor-open-lightbox=\"yes\" data-elementor-lightbox-slideshow=\"22e4585\" data-elementor-lightbox-title=\"IMG_20180626_1620200-b\" data-elementor-lightbox-description=\"Nu allong\u00e9, Madeleine, 1931\" data-e-action-hash=\"#elementor-action%3Aaction%3Dlightbox%26settings%3DeyJpZCI6NDkwLCJ1cmwiOiJodHRwczpcL1wvYm9uaGV1cmRlc2FydHMuY29tXC9nYXpldHRlXC93cC1jb250ZW50XC91cGxvYWRzXC8yMDE4XC8wN1wvSU1HXzIwMTgwNjI2XzE2MjAyMDAtYi5qcGciLCJzbGlkZXNob3ciOiIyMmU0NTg1In0%3D\" href=\"https:\/\/bonheurdesarts.com\/gazette\/wp-content\/uploads\/2018\/07\/IMG_20180626_1620200-b.jpg\"><figure class=\"swiper-slide-inner\"><img decoding=\"async\" class=\"swiper-slide-image\" src=\"https:\/\/bonheurdesarts.com\/gazette\/wp-content\/uploads\/2018\/07\/IMG_20180626_1620200-b-150x150.jpg\" alt=\"IMG_20180626_1620200-b\" \/><figcaption class=\"elementor-image-carousel-caption\">Nu allong\u00e9, Madeleine, 1931<\/figcaption><\/figure><\/a><\/div><div class=\"swiper-slide\" role=\"group\" aria-roledescription=\"slide\" aria-label=\"6 sur 7\"><a data-elementor-open-lightbox=\"yes\" data-elementor-lightbox-slideshow=\"22e4585\" data-elementor-lightbox-title=\"IMG_20180626_1614365_1_1\" data-elementor-lightbox-description=\"L&#039;artiste dans son bureau\" data-e-action-hash=\"#elementor-action%3Aaction%3Dlightbox%26settings%3DeyJpZCI6NDkyLCJ1cmwiOiJodHRwczpcL1wvYm9uaGV1cmRlc2FydHMuY29tXC9nYXpldHRlXC93cC1jb250ZW50XC91cGxvYWRzXC8yMDE4XC8wN1wvSU1HXzIwMTgwNjI2XzE2MTQzNjVfMV8xLmpwZyIsInNsaWRlc2hvdyI6IjIyZTQ1ODUifQ%3D%3D\" href=\"https:\/\/bonheurdesarts.com\/gazette\/wp-content\/uploads\/2018\/07\/IMG_20180626_1614365_1_1.jpg\"><figure class=\"swiper-slide-inner\"><img decoding=\"async\" class=\"swiper-slide-image\" src=\"https:\/\/bonheurdesarts.com\/gazette\/wp-content\/uploads\/2018\/07\/IMG_20180626_1614365_1_1-150x150.jpg\" alt=\"IMG_20180626_1614365_1_1\" \/><figcaption class=\"elementor-image-carousel-caption\">L'artiste dans son bureau<\/figcaption><\/figure><\/a><\/div><div class=\"swiper-slide\" role=\"group\" aria-roledescription=\"slide\" aria-label=\"7 sur 7\"><a data-elementor-open-lightbox=\"yes\" data-elementor-lightbox-slideshow=\"22e4585\" data-elementor-lightbox-title=\"IMG_20180626_1651013-b\" data-elementor-lightbox-description=\"Mat\u00e9riel de l&#039;artiste\" data-e-action-hash=\"#elementor-action%3Aaction%3Dlightbox%26settings%3DeyJpZCI6NDkxLCJ1cmwiOiJodHRwczpcL1wvYm9uaGV1cmRlc2FydHMuY29tXC9nYXpldHRlXC93cC1jb250ZW50XC91cGxvYWRzXC8yMDE4XC8wN1wvSU1HXzIwMTgwNjI2XzE2NTEwMTMtYi5qcGciLCJzbGlkZXNob3ciOiIyMmU0NTg1In0%3D\" href=\"https:\/\/bonheurdesarts.com\/gazette\/wp-content\/uploads\/2018\/07\/IMG_20180626_1651013-b.jpg\"><figure class=\"swiper-slide-inner\"><img decoding=\"async\" class=\"swiper-slide-image\" src=\"https:\/\/bonheurdesarts.com\/gazette\/wp-content\/uploads\/2018\/07\/IMG_20180626_1651013-b-150x150.jpg\" alt=\"IMG_20180626_1651013-b\" \/><figcaption class=\"elementor-image-carousel-caption\">Mat\u00e9riel de l'artiste<\/figcaption><\/figure><\/a><\/div>\t\t\t<\/div>\n\t\t\t\t\t\t\t\t\t\t\t\t<div class=\"elementor-swiper-button elementor-swiper-button-prev\" role=\"button\" tabindex=\"0\">\n\t\t\t\t\t\t<i aria-hidden=\"true\" class=\"eicon-chevron-left\"><\/i>\t\t\t\t\t<\/div>\n\t\t\t\t\t<div class=\"elementor-swiper-button elementor-swiper-button-next\" role=\"button\" tabindex=\"0\">\n\t\t\t\t\t\t<i aria-hidden=\"true\" class=\"eicon-chevron-right\"><\/i>\t\t\t\t\t<\/div>\n\t\t\t\t\n\t\t\t\t\t\t\t\t\t<div class=\"swiper-pagination\"><\/div>\n\t\t\t\t\t\t\t\t\t<\/div>\n\t\t\t\t\t\t<\/div>\n\t\t\t\t<\/div>\n\t\t\t\t\t<\/div>\n\t\t<\/div>\n\t\t\t\t\t<\/div>\n\t\t<\/section>\n\t\t\t\t<\/div>\n\t\t<ul class=\"wpfai-list\"><li class=\"wpfai-list-item twitter\">\r\n      <a href=\"http:\/\/twitter.com\/share?text=La%20gazette%20du%20bonheur%20des%20arts&url=http%3A%2F%2Fbonheurdesarts.com%2Fgazette%2Fwp-json%2Fwp%2Fv2%2Fposts%2F476\" title=\"Twitter\" class=\"wpfai-twitter wpfai-link wpfainw\">\r\n        <span class=\"fa-stack fa-lg\">\r\n          <i class=\"fa fa-circle fa-stack-2x\"><\/i>\r\n          <i class=\"fa fa-twitter fa-stack-1x fa-inverse\"><\/i>\r\n        <\/span>\r\n      <\/a>\r\n    <\/li><li class=\"wpfai-list-item linkedin\">\r\n      <a href=\"http:\/\/linkedin.com\/shareArticle?mini=true&amp;url=http%3A%2F%2Fbonheurdesarts.com%2Fgazette%2Fwp-json%2Fwp%2Fv2%2Fposts%2F476&amp;title=La%20gazette%20du%20bonheur%20des%20arts\" title=\"Linked In\" class=\"wpfai-linkedin wpfai-link wpfainw\">\r\n        <span class=\"fa-stack fa-lg\">\r\n          <i class=\"fa fa-circle fa-stack-2x\"><\/i>\r\n          <i class=\"fa fa-linkedin fa-stack-1x fa-inverse\"><\/i>\r\n        <\/span>\r\n      <\/a>\r\n    <\/li><li class=\"wpfai-list-item facebook\">\r\n      <a href=\"http:\/\/www.facebook.com\/sharer.php?u=http%3A%2F%2Fbonheurdesarts.com%2Fgazette%2Fwp-json%2Fwp%2Fv2%2Fposts%2F476&amp;t=La%20gazette%20du%20bonheur%20des%20arts\" title=\"Facebook\" class=\"wpfai-facebook wpfai-link wpfainw\">\r\n        <span class=\"fa-stack fa-lg\">\r\n          <i class=\"fa fa-circle fa-stack-2x\"><\/i>\r\n          <i class=\"fa fa-facebook fa-stack-1x fa-inverse\"><\/i>\r\n        <\/span>\r\n      <\/a>\r\n    <\/li><li class=\"wpfai-list-item pinterest\">\r\n      <a href=\"http:\/\/pinterest.com\/pin\/create\/button\/?url=http%3A%2F%2Fbonheurdesarts.com%2Fgazette%2Fwp-json%2Fwp%2Fv2%2Fposts%2F476&amp;description=La%20gazette%20du%20bonheur%20des%20arts&amp;media=\" title=\"Pinterest\" class=\"wpfai-pinterest wpfai-link wpfainw\">\r\n        <span class=\"fa-stack fa-lg\">\r\n          <i class=\"fa fa-circle fa-stack-2x\"><\/i>\r\n          <i class=\"fa fa-pinterest fa-stack-1x fa-inverse\"><\/i>\r\n        <\/span>\r\n      <\/a>\r\n    <\/li><li class=\"wpfai-list-item envelope\">\r\n      <a href=\"mailto:?subject=La%20gazette%20du%20bonheur%20des%20arts&amp;body=http%3A%2F%2Fbonheurdesarts.com%2Fgazette%2Fwp-json%2Fwp%2Fv2%2Fposts%2F476%20-%20\" title=\"E-Mail\" class=\"wpfai-envelope wpfai-link wpfainw\">\r\n        <span class=\"fa-stack fa-lg\">\r\n          <i class=\"fa fa-circle fa-stack-2x\"><\/i>\r\n          <i class=\"fa fa-envelope fa-stack-1x fa-inverse\"><\/i>\r\n        <\/span>\r\n      <\/a>\r\n    <\/li><\/ul>","protected":false},"excerpt":{"rendered":"<p>Foujita : peindre dans les ann\u00e9es folles Pour c\u00e9l\u00e9brer le 50e anniversaire de la mort de L\u00e9onard Tsuguharu Foujita (1886-1968), le mus\u00e9e Maillol propose une r\u00e9trospective consacr\u00e9e \u00e0 l\u2019artiste japonais&hellip;<\/p>\n","protected":false},"author":3,"featured_media":498,"comment_status":"open","ping_status":"open","sticky":false,"template":"","format":"standard","meta":{"footnotes":""},"categories":[5],"tags":[151,150,149,59,148,32,51,37,152,23,102],"class_list":["post-476","post","type-post","status-publish","format-standard","has-post-thumbnail","hentry","category-expositions","tag-annees-folles","tag-art-occidental","tag-art-oriental","tag-artiste","tag-foujita","tag-france","tag-japon","tag-montmartre","tag-musee-maillol","tag-paris","tag-peinture"],"yoast_head":"<!-- This site is optimized with the Yoast SEO plugin v26.8 - https:\/\/yoast.com\/product\/yoast-seo-wordpress\/ -->\n<title>Foujita : l\u2019exposition au mus\u00e9e Maillol - La gazette du bonheur des arts<\/title>\n<meta name=\"description\" content=\"Le mus\u00e9e Maillol rend hommage \u00e0 l&#039;artiste japonais Foujita. Japonais ? Foujita aime tellement la France qu&#039;il adopte la nationalit\u00e9 fran\u00e7aise : d\u00e9couverte.\" \/>\n<meta name=\"robots\" content=\"index, follow, max-snippet:-1, max-image-preview:large, max-video-preview:-1\" \/>\n<link rel=\"canonical\" href=\"https:\/\/bonheurdesarts.com\/gazette\/expositions\/foujita-lexposition-au-musee-maillol\/\" \/>\n<meta property=\"og:locale\" content=\"fr_FR\" \/>\n<meta property=\"og:type\" content=\"article\" \/>\n<meta property=\"og:title\" content=\"Foujita : l\u2019exposition au mus\u00e9e Maillol - La gazette du bonheur des arts\" \/>\n<meta property=\"og:description\" content=\"Le mus\u00e9e Maillol rend hommage \u00e0 l&#039;artiste japonais Foujita. Japonais ? Foujita aime tellement la France qu&#039;il adopte la nationalit\u00e9 fran\u00e7aise : d\u00e9couverte.\" \/>\n<meta property=\"og:url\" content=\"https:\/\/bonheurdesarts.com\/gazette\/expositions\/foujita-lexposition-au-musee-maillol\/\" \/>\n<meta property=\"og:site_name\" content=\"La gazette du bonheur des arts\" \/>\n<meta property=\"article:published_time\" content=\"2018-07-09T07:46:32+00:00\" \/>\n<meta property=\"article:modified_time\" content=\"2019-07-26T14:37:21+00:00\" \/>\n<meta property=\"og:image\" content=\"https:\/\/bonheurdesarts.com\/gazette\/wp-content\/uploads\/2018\/07\/mise-en-avant.jpg\" \/>\n\t<meta property=\"og:image:width\" content=\"3038\" \/>\n\t<meta property=\"og:image:height\" content=\"2267\" \/>\n\t<meta property=\"og:image:type\" content=\"image\/jpeg\" \/>\n<meta name=\"author\" content=\"Sabine Pasdelou, PhD\" \/>\n<meta name=\"twitter:card\" content=\"summary_large_image\" \/>\n<meta name=\"twitter:creator\" content=\"@bonheurdesarts\" \/>\n<meta name=\"twitter:site\" content=\"@bonheurdesarts\" \/>\n<meta name=\"twitter:label1\" content=\"\u00c9crit par\" \/>\n\t<meta name=\"twitter:data1\" content=\"Sabine Pasdelou, PhD\" \/>\n\t<meta name=\"twitter:label2\" content=\"Dur\u00e9e de lecture estim\u00e9e\" \/>\n\t<meta name=\"twitter:data2\" content=\"2 minutes\" \/>\n<script type=\"application\/ld+json\" class=\"yoast-schema-graph\">{\"@context\":\"https:\/\/schema.org\",\"@graph\":[{\"@type\":\"Article\",\"@id\":\"https:\/\/bonheurdesarts.com\/gazette\/expositions\/foujita-lexposition-au-musee-maillol\/#article\",\"isPartOf\":{\"@id\":\"https:\/\/bonheurdesarts.com\/gazette\/expositions\/foujita-lexposition-au-musee-maillol\/\"},\"author\":{\"name\":\"Sabine Pasdelou, PhD\",\"@id\":\"https:\/\/bonheurdesarts.com\/gazette\/#\/schema\/person\/2b71fce55f454e45fc60689063fad14f\"},\"headline\":\"Foujita : l\u2019exposition au mus\u00e9e Maillol\",\"datePublished\":\"2018-07-09T07:46:32+00:00\",\"dateModified\":\"2019-07-26T14:37:21+00:00\",\"mainEntityOfPage\":{\"@id\":\"https:\/\/bonheurdesarts.com\/gazette\/expositions\/foujita-lexposition-au-musee-maillol\/\"},\"wordCount\":400,\"commentCount\":0,\"publisher\":{\"@id\":\"https:\/\/bonheurdesarts.com\/gazette\/#organization\"},\"image\":{\"@id\":\"https:\/\/bonheurdesarts.com\/gazette\/expositions\/foujita-lexposition-au-musee-maillol\/#primaryimage\"},\"thumbnailUrl\":\"https:\/\/bonheurdesarts.com\/gazette\/wp-content\/uploads\/2018\/07\/mise-en-avant.jpg\",\"keywords\":[\"Ann\u00e9es folles\",\"art occidental\",\"art oriental\",\"artiste\",\"Foujita\",\"France\",\"Japon\",\"Montmartre\",\"Mus\u00e9e Maillol\",\"paris\",\"peinture\"],\"articleSection\":[\"Expositions\"],\"inLanguage\":\"fr-FR\",\"potentialAction\":[{\"@type\":\"CommentAction\",\"name\":\"Comment\",\"target\":[\"https:\/\/bonheurdesarts.com\/gazette\/expositions\/foujita-lexposition-au-musee-maillol\/#respond\"]}]},{\"@type\":\"WebPage\",\"@id\":\"https:\/\/bonheurdesarts.com\/gazette\/expositions\/foujita-lexposition-au-musee-maillol\/\",\"url\":\"https:\/\/bonheurdesarts.com\/gazette\/expositions\/foujita-lexposition-au-musee-maillol\/\",\"name\":\"Foujita : l\u2019exposition au mus\u00e9e Maillol - La gazette du bonheur des arts\",\"isPartOf\":{\"@id\":\"https:\/\/bonheurdesarts.com\/gazette\/#website\"},\"primaryImageOfPage\":{\"@id\":\"https:\/\/bonheurdesarts.com\/gazette\/expositions\/foujita-lexposition-au-musee-maillol\/#primaryimage\"},\"image\":{\"@id\":\"https:\/\/bonheurdesarts.com\/gazette\/expositions\/foujita-lexposition-au-musee-maillol\/#primaryimage\"},\"thumbnailUrl\":\"https:\/\/bonheurdesarts.com\/gazette\/wp-content\/uploads\/2018\/07\/mise-en-avant.jpg\",\"datePublished\":\"2018-07-09T07:46:32+00:00\",\"dateModified\":\"2019-07-26T14:37:21+00:00\",\"description\":\"Le mus\u00e9e Maillol rend hommage \u00e0 l'artiste japonais Foujita. Japonais ? Foujita aime tellement la France qu'il adopte la nationalit\u00e9 fran\u00e7aise : d\u00e9couverte.\",\"breadcrumb\":{\"@id\":\"https:\/\/bonheurdesarts.com\/gazette\/expositions\/foujita-lexposition-au-musee-maillol\/#breadcrumb\"},\"inLanguage\":\"fr-FR\",\"potentialAction\":[{\"@type\":\"ReadAction\",\"target\":[\"https:\/\/bonheurdesarts.com\/gazette\/expositions\/foujita-lexposition-au-musee-maillol\/\"]}]},{\"@type\":\"ImageObject\",\"inLanguage\":\"fr-FR\",\"@id\":\"https:\/\/bonheurdesarts.com\/gazette\/expositions\/foujita-lexposition-au-musee-maillol\/#primaryimage\",\"url\":\"https:\/\/bonheurdesarts.com\/gazette\/wp-content\/uploads\/2018\/07\/mise-en-avant.jpg\",\"contentUrl\":\"https:\/\/bonheurdesarts.com\/gazette\/wp-content\/uploads\/2018\/07\/mise-en-avant.jpg\",\"width\":3038,\"height\":2267},{\"@type\":\"BreadcrumbList\",\"@id\":\"https:\/\/bonheurdesarts.com\/gazette\/expositions\/foujita-lexposition-au-musee-maillol\/#breadcrumb\",\"itemListElement\":[{\"@type\":\"ListItem\",\"position\":1,\"name\":\"Accueil\",\"item\":\"https:\/\/bonheurdesarts.com\/gazette\/\"},{\"@type\":\"ListItem\",\"position\":2,\"name\":\"Foujita : l\u2019exposition au mus\u00e9e Maillol\"}]},{\"@type\":\"WebSite\",\"@id\":\"https:\/\/bonheurdesarts.com\/gazette\/#website\",\"url\":\"https:\/\/bonheurdesarts.com\/gazette\/\",\"name\":\"La gazette du bonheur des arts\",\"description\":\"\",\"publisher\":{\"@id\":\"https:\/\/bonheurdesarts.com\/gazette\/#organization\"},\"potentialAction\":[{\"@type\":\"SearchAction\",\"target\":{\"@type\":\"EntryPoint\",\"urlTemplate\":\"https:\/\/bonheurdesarts.com\/gazette\/?s={search_term_string}\"},\"query-input\":{\"@type\":\"PropertyValueSpecification\",\"valueRequired\":true,\"valueName\":\"search_term_string\"}}],\"inLanguage\":\"fr-FR\"},{\"@type\":\"Organization\",\"@id\":\"https:\/\/bonheurdesarts.com\/gazette\/#organization\",\"name\":\"Au Bonheur des Arts\",\"url\":\"https:\/\/bonheurdesarts.com\/gazette\/\",\"logo\":{\"@type\":\"ImageObject\",\"inLanguage\":\"fr-FR\",\"@id\":\"https:\/\/bonheurdesarts.com\/gazette\/#\/schema\/logo\/image\/\",\"url\":\"https:\/\/bonheurdesarts.com\/gazette\/wp-content\/uploads\/2020\/02\/favicon-256px.png\",\"contentUrl\":\"https:\/\/bonheurdesarts.com\/gazette\/wp-content\/uploads\/2020\/02\/favicon-256px.png\",\"width\":256,\"height\":256,\"caption\":\"Au Bonheur des Arts\"},\"image\":{\"@id\":\"https:\/\/bonheurdesarts.com\/gazette\/#\/schema\/logo\/image\/\"},\"sameAs\":[\"https:\/\/x.com\/bonheurdesarts\",\"https:\/\/www.instagram.com\/bonheurdesarts\/\"]},{\"@type\":\"Person\",\"@id\":\"https:\/\/bonheurdesarts.com\/gazette\/#\/schema\/person\/2b71fce55f454e45fc60689063fad14f\",\"name\":\"Sabine Pasdelou, PhD\",\"image\":{\"@type\":\"ImageObject\",\"inLanguage\":\"fr-FR\",\"@id\":\"https:\/\/bonheurdesarts.com\/gazette\/#\/schema\/person\/image\/\",\"url\":\"https:\/\/secure.gravatar.com\/avatar\/d45be97383d36eba9f62ea5ba3c9e627044cc06a11cc2c842b8607db17a1ae55?s=96&d=mm&r=g\",\"contentUrl\":\"https:\/\/secure.gravatar.com\/avatar\/d45be97383d36eba9f62ea5ba3c9e627044cc06a11cc2c842b8607db17a1ae55?s=96&d=mm&r=g\",\"caption\":\"Sabine Pasdelou, PhD\"},\"sameAs\":[\"http:\/\/sabine-pasdelou.com\"],\"url\":\"https:\/\/bonheurdesarts.com\/gazette\/author\/sabine-pasdelou\/\"}]}<\/script>\n<!-- \/ Yoast SEO plugin. -->","yoast_head_json":{"title":"Foujita : l\u2019exposition au mus\u00e9e Maillol - La gazette du bonheur des arts","description":"Le mus\u00e9e Maillol rend hommage \u00e0 l'artiste japonais Foujita. Japonais ? Foujita aime tellement la France qu'il adopte la nationalit\u00e9 fran\u00e7aise : d\u00e9couverte.","robots":{"index":"index","follow":"follow","max-snippet":"max-snippet:-1","max-image-preview":"max-image-preview:large","max-video-preview":"max-video-preview:-1"},"canonical":"https:\/\/bonheurdesarts.com\/gazette\/expositions\/foujita-lexposition-au-musee-maillol\/","og_locale":"fr_FR","og_type":"article","og_title":"Foujita : l\u2019exposition au mus\u00e9e Maillol - La gazette du bonheur des arts","og_description":"Le mus\u00e9e Maillol rend hommage \u00e0 l'artiste japonais Foujita. Japonais ? Foujita aime tellement la France qu'il adopte la nationalit\u00e9 fran\u00e7aise : d\u00e9couverte.","og_url":"https:\/\/bonheurdesarts.com\/gazette\/expositions\/foujita-lexposition-au-musee-maillol\/","og_site_name":"La gazette du bonheur des arts","article_published_time":"2018-07-09T07:46:32+00:00","article_modified_time":"2019-07-26T14:37:21+00:00","og_image":[{"width":3038,"height":2267,"url":"https:\/\/bonheurdesarts.com\/gazette\/wp-content\/uploads\/2018\/07\/mise-en-avant.jpg","type":"image\/jpeg"}],"author":"Sabine Pasdelou, PhD","twitter_card":"summary_large_image","twitter_creator":"@bonheurdesarts","twitter_site":"@bonheurdesarts","twitter_misc":{"\u00c9crit par":"Sabine Pasdelou, PhD","Dur\u00e9e de lecture estim\u00e9e":"2 minutes"},"schema":{"@context":"https:\/\/schema.org","@graph":[{"@type":"Article","@id":"https:\/\/bonheurdesarts.com\/gazette\/expositions\/foujita-lexposition-au-musee-maillol\/#article","isPartOf":{"@id":"https:\/\/bonheurdesarts.com\/gazette\/expositions\/foujita-lexposition-au-musee-maillol\/"},"author":{"name":"Sabine Pasdelou, PhD","@id":"https:\/\/bonheurdesarts.com\/gazette\/#\/schema\/person\/2b71fce55f454e45fc60689063fad14f"},"headline":"Foujita : l\u2019exposition au mus\u00e9e Maillol","datePublished":"2018-07-09T07:46:32+00:00","dateModified":"2019-07-26T14:37:21+00:00","mainEntityOfPage":{"@id":"https:\/\/bonheurdesarts.com\/gazette\/expositions\/foujita-lexposition-au-musee-maillol\/"},"wordCount":400,"commentCount":0,"publisher":{"@id":"https:\/\/bonheurdesarts.com\/gazette\/#organization"},"image":{"@id":"https:\/\/bonheurdesarts.com\/gazette\/expositions\/foujita-lexposition-au-musee-maillol\/#primaryimage"},"thumbnailUrl":"https:\/\/bonheurdesarts.com\/gazette\/wp-content\/uploads\/2018\/07\/mise-en-avant.jpg","keywords":["Ann\u00e9es folles","art occidental","art oriental","artiste","Foujita","France","Japon","Montmartre","Mus\u00e9e Maillol","paris","peinture"],"articleSection":["Expositions"],"inLanguage":"fr-FR","potentialAction":[{"@type":"CommentAction","name":"Comment","target":["https:\/\/bonheurdesarts.com\/gazette\/expositions\/foujita-lexposition-au-musee-maillol\/#respond"]}]},{"@type":"WebPage","@id":"https:\/\/bonheurdesarts.com\/gazette\/expositions\/foujita-lexposition-au-musee-maillol\/","url":"https:\/\/bonheurdesarts.com\/gazette\/expositions\/foujita-lexposition-au-musee-maillol\/","name":"Foujita : l\u2019exposition au mus\u00e9e Maillol - La gazette du bonheur des arts","isPartOf":{"@id":"https:\/\/bonheurdesarts.com\/gazette\/#website"},"primaryImageOfPage":{"@id":"https:\/\/bonheurdesarts.com\/gazette\/expositions\/foujita-lexposition-au-musee-maillol\/#primaryimage"},"image":{"@id":"https:\/\/bonheurdesarts.com\/gazette\/expositions\/foujita-lexposition-au-musee-maillol\/#primaryimage"},"thumbnailUrl":"https:\/\/bonheurdesarts.com\/gazette\/wp-content\/uploads\/2018\/07\/mise-en-avant.jpg","datePublished":"2018-07-09T07:46:32+00:00","dateModified":"2019-07-26T14:37:21+00:00","description":"Le mus\u00e9e Maillol rend hommage \u00e0 l'artiste japonais Foujita. Japonais ? Foujita aime tellement la France qu'il adopte la nationalit\u00e9 fran\u00e7aise : d\u00e9couverte.","breadcrumb":{"@id":"https:\/\/bonheurdesarts.com\/gazette\/expositions\/foujita-lexposition-au-musee-maillol\/#breadcrumb"},"inLanguage":"fr-FR","potentialAction":[{"@type":"ReadAction","target":["https:\/\/bonheurdesarts.com\/gazette\/expositions\/foujita-lexposition-au-musee-maillol\/"]}]},{"@type":"ImageObject","inLanguage":"fr-FR","@id":"https:\/\/bonheurdesarts.com\/gazette\/expositions\/foujita-lexposition-au-musee-maillol\/#primaryimage","url":"https:\/\/bonheurdesarts.com\/gazette\/wp-content\/uploads\/2018\/07\/mise-en-avant.jpg","contentUrl":"https:\/\/bonheurdesarts.com\/gazette\/wp-content\/uploads\/2018\/07\/mise-en-avant.jpg","width":3038,"height":2267},{"@type":"BreadcrumbList","@id":"https:\/\/bonheurdesarts.com\/gazette\/expositions\/foujita-lexposition-au-musee-maillol\/#breadcrumb","itemListElement":[{"@type":"ListItem","position":1,"name":"Accueil","item":"https:\/\/bonheurdesarts.com\/gazette\/"},{"@type":"ListItem","position":2,"name":"Foujita : l\u2019exposition au mus\u00e9e Maillol"}]},{"@type":"WebSite","@id":"https:\/\/bonheurdesarts.com\/gazette\/#website","url":"https:\/\/bonheurdesarts.com\/gazette\/","name":"La gazette du bonheur des arts","description":"","publisher":{"@id":"https:\/\/bonheurdesarts.com\/gazette\/#organization"},"potentialAction":[{"@type":"SearchAction","target":{"@type":"EntryPoint","urlTemplate":"https:\/\/bonheurdesarts.com\/gazette\/?s={search_term_string}"},"query-input":{"@type":"PropertyValueSpecification","valueRequired":true,"valueName":"search_term_string"}}],"inLanguage":"fr-FR"},{"@type":"Organization","@id":"https:\/\/bonheurdesarts.com\/gazette\/#organization","name":"Au Bonheur des Arts","url":"https:\/\/bonheurdesarts.com\/gazette\/","logo":{"@type":"ImageObject","inLanguage":"fr-FR","@id":"https:\/\/bonheurdesarts.com\/gazette\/#\/schema\/logo\/image\/","url":"https:\/\/bonheurdesarts.com\/gazette\/wp-content\/uploads\/2020\/02\/favicon-256px.png","contentUrl":"https:\/\/bonheurdesarts.com\/gazette\/wp-content\/uploads\/2020\/02\/favicon-256px.png","width":256,"height":256,"caption":"Au Bonheur des Arts"},"image":{"@id":"https:\/\/bonheurdesarts.com\/gazette\/#\/schema\/logo\/image\/"},"sameAs":["https:\/\/x.com\/bonheurdesarts","https:\/\/www.instagram.com\/bonheurdesarts\/"]},{"@type":"Person","@id":"https:\/\/bonheurdesarts.com\/gazette\/#\/schema\/person\/2b71fce55f454e45fc60689063fad14f","name":"Sabine Pasdelou, PhD","image":{"@type":"ImageObject","inLanguage":"fr-FR","@id":"https:\/\/bonheurdesarts.com\/gazette\/#\/schema\/person\/image\/","url":"https:\/\/secure.gravatar.com\/avatar\/d45be97383d36eba9f62ea5ba3c9e627044cc06a11cc2c842b8607db17a1ae55?s=96&d=mm&r=g","contentUrl":"https:\/\/secure.gravatar.com\/avatar\/d45be97383d36eba9f62ea5ba3c9e627044cc06a11cc2c842b8607db17a1ae55?s=96&d=mm&r=g","caption":"Sabine Pasdelou, PhD"},"sameAs":["http:\/\/sabine-pasdelou.com"],"url":"https:\/\/bonheurdesarts.com\/gazette\/author\/sabine-pasdelou\/"}]}},"_links":{"self":[{"href":"https:\/\/bonheurdesarts.com\/gazette\/wp-json\/wp\/v2\/posts\/476","targetHints":{"allow":["GET"]}}],"collection":[{"href":"https:\/\/bonheurdesarts.com\/gazette\/wp-json\/wp\/v2\/posts"}],"about":[{"href":"https:\/\/bonheurdesarts.com\/gazette\/wp-json\/wp\/v2\/types\/post"}],"author":[{"embeddable":true,"href":"https:\/\/bonheurdesarts.com\/gazette\/wp-json\/wp\/v2\/users\/3"}],"replies":[{"embeddable":true,"href":"https:\/\/bonheurdesarts.com\/gazette\/wp-json\/wp\/v2\/comments?post=476"}],"version-history":[{"count":14,"href":"https:\/\/bonheurdesarts.com\/gazette\/wp-json\/wp\/v2\/posts\/476\/revisions"}],"predecessor-version":[{"id":816,"href":"https:\/\/bonheurdesarts.com\/gazette\/wp-json\/wp\/v2\/posts\/476\/revisions\/816"}],"wp:featuredmedia":[{"embeddable":true,"href":"https:\/\/bonheurdesarts.com\/gazette\/wp-json\/wp\/v2\/media\/498"}],"wp:attachment":[{"href":"https:\/\/bonheurdesarts.com\/gazette\/wp-json\/wp\/v2\/media?parent=476"}],"wp:term":[{"taxonomy":"category","embeddable":true,"href":"https:\/\/bonheurdesarts.com\/gazette\/wp-json\/wp\/v2\/categories?post=476"},{"taxonomy":"post_tag","embeddable":true,"href":"https:\/\/bonheurdesarts.com\/gazette\/wp-json\/wp\/v2\/tags?post=476"}],"curies":[{"name":"wp","href":"https:\/\/api.w.org\/{rel}","templated":true}]}}