{"id":452,"date":"2018-10-07T09:35:58","date_gmt":"2018-10-07T07:35:58","guid":{"rendered":"https:\/\/bonheurdesarts.com\/gazette\/?p=452"},"modified":"2019-07-26T16:04:59","modified_gmt":"2019-07-26T14:04:59","slug":"age-de-raison-musee-fournaise","status":"publish","type":"post","link":"https:\/\/bonheurdesarts.com\/gazette\/expositions\/age-de-raison-musee-fournaise\/","title":{"rendered":"L&rsquo;\u00e2ge de raison au Mus\u00e9e Fournaise (Chatou)"},"content":{"rendered":"<figure id=\"attachment_453\" aria-describedby=\"caption-attachment-453\" style=\"width: 253px\" class=\"wp-caption alignleft\"><img fetchpriority=\"high\" decoding=\"async\" class=\" wp-image-453\" src=\"https:\/\/bonheurdesarts.com\/gazette\/wp-content\/uploads\/2018\/07\/Affiche-L_image-sm-205x300.jpg\" alt=\"Affiche de l'exposition L'\u00e2ge de raison- Vu par les peintres au XIXe si\u00e8cle - Mus\u00e9e Fournaise - Chatou 2018\" width=\"253\" height=\"371\" srcset=\"https:\/\/bonheurdesarts.com\/gazette\/wp-content\/uploads\/2018\/07\/Affiche-L_image-sm-205x300.jpg 205w, https:\/\/bonheurdesarts.com\/gazette\/wp-content\/uploads\/2018\/07\/Affiche-L_image-sm.jpg 480w\" sizes=\"(max-width: 253px) 100vw, 253px\" \/><figcaption id=\"caption-attachment-453\" class=\"wp-caption-text\">Affiche de l&rsquo;exposition L&rsquo;\u00e2ge de raison- Vu par les peintres au XIXe si\u00e8cle &#8211; Mus\u00e9e Fournaise &#8211; Chatou 2018<\/figcaption><\/figure>\n<p align=\"justify\"><span style=\"color: #000000;\"><span style=\"font-size: medium;\"><span style=\"font-family: Liberation Serif, serif;\">\u00c0<\/span> Chatou, sur <a href=\"https:\/\/bonheurdesarts.com\/gazette\/musees\/musee-fournaise-chatou\/\" target=\"_blank\" rel=\"noopener noreferrer\">l&rsquo;\u00eele des Impressionnistes<\/a>, et dans l&rsquo;ancien repaire de certains peintres tels qu&rsquo;Auguste Renoir, se trouve le <a href=\"http:\/\/www.musee-fournaise.com\/\" target=\"_blank\" rel=\"noopener noreferrer\">Mus\u00e9e Fournaise<\/a>. Chaque ann\u00e9e, durant la p\u00e9riode allant de mai \u00e0 octobre, le mus\u00e9e propose une exposition consacr\u00e9e \u00e0 un artiste ou \u00e0 un th\u00e8me pr\u00e9cis. En 2014, \u00e9tait expos\u00e9 <i><b>La Prime Enfance<\/b><\/i>, premier volet du th\u00e8me <i><b>L&rsquo;Enfant vu par les peintres au XIXe si\u00e8cle<\/b><\/i>. Apr\u00e8s son succ\u00e8s, le Mus\u00e9e Fournaise expose cette ann\u00e9e le second volet de cette exposition\u00a0: <i><b>L&rsquo;Enfant vu par les peintres au XIXe si\u00e8cle<\/b><\/i> \u00e0 <i><b>L&rsquo;\u00e2ge de raison<\/b><\/i>. Cette exposition est visible du 5 mai au 4 novembre 2018.<\/span><\/span><\/p>\n<p align=\"justify\"><span style=\"color: #000000;\"><span style=\"font-size: medium;\">Apr\u00e8s la petite enfance vient l&rsquo;\u00e2ge de raison : \u00e2ge que l\u2019\u00c9glise au Moyen-\u00e2ge d\u00e9finit comme l&rsquo;\u00e2ge qui permet de raisonner, de distinguer le Bien et le Mal, et surtout l&rsquo;\u00e2ge qui permet de s&rsquo;initier au cat\u00e9chisme et ainsi d&rsquo;apprendre les bases religieuses. Mais l&rsquo;\u00e2ge de raison c&rsquo;est aussi l&rsquo;\u00e2ge de l&rsquo;\u00e9cole, des jeux entre amis et camarades, ou encore l&rsquo;\u00e2ge du d\u00e9but de l&rsquo;apprentissage, mais aussi l&rsquo;\u00e2ge du travail pour beaucoup de malheureux. L&rsquo;\u00e2ge de raison, c&rsquo;est l&rsquo;arriv\u00e9e des sept ans, et cela va jusqu&rsquo;\u00e0 12 ans, d\u00e9but de l&rsquo;adolescence. Ainsi dans cette exposition, vous le d\u00e9couvrirez vu par les peintre au XIXe si\u00e8cle avec des tableaux r\u00e9alis\u00e9s entre 1830 et 1914.<\/span><\/span><\/p>\n<figure id=\"attachment_454\" aria-describedby=\"caption-attachment-454\" style=\"width: 434px\" class=\"wp-caption alignright\"><img decoding=\"async\" class=\" wp-image-454\" src=\"https:\/\/bonheurdesarts.com\/gazette\/wp-content\/uploads\/2018\/07\/la-joueuse-dosselet-eug\u00e8ne-damas-300x243.jpg\" alt=\"La Joueuse d'osselets - Eug\u00e8ne DAMAS - L'\u00e2ge de raison- Vu par les peintres au XIXe si\u00e8cle - Mus\u00e9e Fournaise - Chatou 2018\" width=\"434\" height=\"351\" srcset=\"https:\/\/bonheurdesarts.com\/gazette\/wp-content\/uploads\/2018\/07\/la-joueuse-dosselet-eug\u00e8ne-damas-300x243.jpg 300w, https:\/\/bonheurdesarts.com\/gazette\/wp-content\/uploads\/2018\/07\/la-joueuse-dosselet-eug\u00e8ne-damas.jpg 633w\" sizes=\"(max-width: 434px) 100vw, 434px\" \/><figcaption id=\"caption-attachment-454\" class=\"wp-caption-text\">La Joueuse d&rsquo;osselets &#8211; Eug\u00e8ne DAMAS &#8211; L&rsquo;\u00e2ge de raison- Vu par les peintres au XIXe si\u00e8cle &#8211; Mus\u00e9e Fournaise &#8211; Chatou 2018<\/figcaption><\/figure>\n<p align=\"justify\"><span style=\"color: #000000;\"><span style=\"font-size: medium;\">Lors de cette exposition, tout commence avec l&rsquo;entr\u00e9e dans la septi\u00e8me ann\u00e9e, signifi\u00e9e par la perte de la culotte en dentelle et remplac\u00e9e par le pantalon, signe que vous avez atteint l&rsquo;\u00e2ge de sept ans. Puis place aux jeux avec des jeunes filles qui ont atteint l&rsquo;\u00e2ge de raison comme le tableau de Damas Eug\u00e8ne avec <i><b>La Joueuse d&rsquo;osselets<\/b><\/i> (1887). Puis vient le cas des enfants qui ont grandi trop vite par la force des choses. Les deux th\u00e9matiques dominantes dans cette exposition sur l&rsquo;\u00e2ge de raison sont tout d&rsquo;abord l&rsquo;\u00e9cole, qui est le sujet principal de multiples \u0153uvres mais ce \u00e0 juste titre car \u00e0 cet \u00e2ge-l\u00e0 on passe le plus clair de son temps \u00e0 l&rsquo;\u00e9cole pour s&rsquo;instruire et apprendre ce qu&rsquo;il est n\u00e9cessaire de savoir\u00a0; puis le deuxi\u00e8me sujet principal est celui du travail car ceux qui ne peuvent pas aller \u00e0 l&rsquo;\u00e9cole \u00e0 l&rsquo;\u00e9poque travaillent durement.<\/span><\/span><\/p>\n<p align=\"justify\"><span style=\"color: #000000;\"><span style=\"font-size: medium;\"> Dans cette exposition c&rsquo;est au travers d&rsquo;une quarantaine de toiles pr\u00eat\u00e9es par une trentaine de mus\u00e9es et collectionneur priv\u00e9s que les peintres au XIXe cherchent \u00e0 repr\u00e9senter la r\u00e9alit\u00e9 du monde de l&rsquo;enfance.<\/span><\/span><\/p>\n<ul class=\"wpfai-list\"><li class=\"wpfai-list-item twitter\">\r\n      <a href=\"http:\/\/twitter.com\/share?text=La%20gazette%20du%20bonheur%20des%20arts&url=http%3A%2F%2Fbonheurdesarts.com%2Fgazette%2Fwp-json%2Fwp%2Fv2%2Fposts%2F452\" title=\"Twitter\" class=\"wpfai-twitter wpfai-link wpfainw\">\r\n        <span class=\"fa-stack fa-lg\">\r\n          <i class=\"fa fa-circle fa-stack-2x\"><\/i>\r\n          <i class=\"fa fa-twitter fa-stack-1x fa-inverse\"><\/i>\r\n        <\/span>\r\n      <\/a>\r\n    <\/li><li class=\"wpfai-list-item linkedin\">\r\n      <a href=\"http:\/\/linkedin.com\/shareArticle?mini=true&amp;url=http%3A%2F%2Fbonheurdesarts.com%2Fgazette%2Fwp-json%2Fwp%2Fv2%2Fposts%2F452&amp;title=La%20gazette%20du%20bonheur%20des%20arts\" title=\"Linked In\" class=\"wpfai-linkedin wpfai-link wpfainw\">\r\n        <span class=\"fa-stack fa-lg\">\r\n          <i class=\"fa fa-circle fa-stack-2x\"><\/i>\r\n          <i class=\"fa fa-linkedin fa-stack-1x fa-inverse\"><\/i>\r\n        <\/span>\r\n      <\/a>\r\n    <\/li><li class=\"wpfai-list-item facebook\">\r\n      <a href=\"http:\/\/www.facebook.com\/sharer.php?u=http%3A%2F%2Fbonheurdesarts.com%2Fgazette%2Fwp-json%2Fwp%2Fv2%2Fposts%2F452&amp;t=La%20gazette%20du%20bonheur%20des%20arts\" title=\"Facebook\" class=\"wpfai-facebook wpfai-link wpfainw\">\r\n        <span class=\"fa-stack fa-lg\">\r\n          <i class=\"fa fa-circle fa-stack-2x\"><\/i>\r\n          <i class=\"fa fa-facebook fa-stack-1x fa-inverse\"><\/i>\r\n        <\/span>\r\n      <\/a>\r\n    <\/li><li class=\"wpfai-list-item pinterest\">\r\n      <a href=\"http:\/\/pinterest.com\/pin\/create\/button\/?url=http%3A%2F%2Fbonheurdesarts.com%2Fgazette%2Fwp-json%2Fwp%2Fv2%2Fposts%2F452&amp;description=La%20gazette%20du%20bonheur%20des%20arts&amp;media=\" title=\"Pinterest\" class=\"wpfai-pinterest wpfai-link wpfainw\">\r\n        <span class=\"fa-stack fa-lg\">\r\n          <i class=\"fa fa-circle fa-stack-2x\"><\/i>\r\n          <i class=\"fa fa-pinterest fa-stack-1x fa-inverse\"><\/i>\r\n        <\/span>\r\n      <\/a>\r\n    <\/li><li class=\"wpfai-list-item envelope\">\r\n      <a href=\"mailto:?subject=La%20gazette%20du%20bonheur%20des%20arts&amp;body=http%3A%2F%2Fbonheurdesarts.com%2Fgazette%2Fwp-json%2Fwp%2Fv2%2Fposts%2F452%20-%20\" title=\"E-Mail\" class=\"wpfai-envelope wpfai-link wpfainw\">\r\n        <span class=\"fa-stack fa-lg\">\r\n          <i class=\"fa fa-circle fa-stack-2x\"><\/i>\r\n          <i class=\"fa fa-envelope fa-stack-1x fa-inverse\"><\/i>\r\n        <\/span>\r\n      <\/a>\r\n    <\/li><\/ul>","protected":false},"excerpt":{"rendered":"<p>\u00c0 Chatou, sur l&rsquo;\u00eele des Impressionnistes, et dans l&rsquo;ancien repaire de certains peintres tels qu&rsquo;Auguste Renoir, se trouve le Mus\u00e9e Fournaise. Chaque ann\u00e9e, durant la p\u00e9riode allant de mai \u00e0&hellip;<\/p>\n","protected":false},"author":2,"featured_media":455,"comment_status":"open","ping_status":"open","sticky":false,"template":"","format":"standard","meta":{"footnotes":""},"categories":[5],"tags":[131,57,130,132,92,128,129,171,102,172],"class_list":["post-452","post","type-post","status-publish","format-standard","has-post-thumbnail","hentry","category-expositions","tag-19eme-siecle","tag-art-francais","tag-chatou","tag-enfants","tag-impressionnisme","tag-lage-de-raison","tag-musee-fournaise","tag-peintres","tag-peinture","tag-vie-quotidienne"],"yoast_head":"<!-- This site is optimized with the Yoast SEO plugin v26.8 - https:\/\/yoast.com\/product\/yoast-seo-wordpress\/ -->\n<title>L&#039;\u00e2ge de raison au Mus\u00e9e Fournaise (Chatou) - La gazette du bonheur des arts<\/title>\n<meta name=\"description\" content=\"Le Mus\u00e9e Fournaise propose une exposition sur l&#039;\u00e2ge de raison : le th\u00e8me de l&#039;enfance est r\u00e9current chez les peintres du 19e si\u00e8cle.\" \/>\n<meta name=\"robots\" content=\"index, follow, max-snippet:-1, max-image-preview:large, max-video-preview:-1\" \/>\n<link rel=\"canonical\" href=\"https:\/\/bonheurdesarts.com\/gazette\/expositions\/age-de-raison-musee-fournaise\/\" \/>\n<meta property=\"og:locale\" content=\"fr_FR\" \/>\n<meta property=\"og:type\" content=\"article\" \/>\n<meta property=\"og:title\" content=\"L&#039;\u00e2ge de raison au Mus\u00e9e Fournaise (Chatou) - La gazette du bonheur des arts\" \/>\n<meta property=\"og:description\" content=\"Le Mus\u00e9e Fournaise propose une exposition sur l&#039;\u00e2ge de raison : le th\u00e8me de l&#039;enfance est r\u00e9current chez les peintres du 19e si\u00e8cle.\" \/>\n<meta property=\"og:url\" content=\"https:\/\/bonheurdesarts.com\/gazette\/expositions\/age-de-raison-musee-fournaise\/\" \/>\n<meta property=\"og:site_name\" content=\"La gazette du bonheur des arts\" \/>\n<meta property=\"article:published_time\" content=\"2018-10-07T07:35:58+00:00\" \/>\n<meta property=\"article:modified_time\" content=\"2019-07-26T14:04:59+00:00\" \/>\n<meta property=\"og:image\" content=\"https:\/\/bonheurdesarts.com\/gazette\/wp-content\/uploads\/2018\/07\/IMG_9182.jpg\" \/>\n\t<meta property=\"og:image:width\" content=\"3305\" \/>\n\t<meta property=\"og:image:height\" content=\"2207\" \/>\n\t<meta property=\"og:image:type\" content=\"image\/jpeg\" \/>\n<meta name=\"author\" content=\"Enora Le Nigen\" \/>\n<meta name=\"twitter:card\" content=\"summary_large_image\" \/>\n<meta name=\"twitter:creator\" content=\"@bonheurdesarts\" \/>\n<meta name=\"twitter:site\" content=\"@bonheurdesarts\" \/>\n<meta name=\"twitter:label1\" content=\"\u00c9crit par\" \/>\n\t<meta name=\"twitter:data1\" content=\"Enora Le Nigen\" \/>\n\t<meta name=\"twitter:label2\" content=\"Dur\u00e9e de lecture estim\u00e9e\" \/>\n\t<meta name=\"twitter:data2\" content=\"2 minutes\" \/>\n<script type=\"application\/ld+json\" class=\"yoast-schema-graph\">{\"@context\":\"https:\/\/schema.org\",\"@graph\":[{\"@type\":\"Article\",\"@id\":\"https:\/\/bonheurdesarts.com\/gazette\/expositions\/age-de-raison-musee-fournaise\/#article\",\"isPartOf\":{\"@id\":\"https:\/\/bonheurdesarts.com\/gazette\/expositions\/age-de-raison-musee-fournaise\/\"},\"author\":{\"name\":\"Enora Le Nigen\",\"@id\":\"https:\/\/bonheurdesarts.com\/gazette\/#\/schema\/person\/30a900ca1a8d578cf6389dd05a1f9372\"},\"headline\":\"L&rsquo;\u00e2ge de raison au Mus\u00e9e Fournaise (Chatou)\",\"datePublished\":\"2018-10-07T07:35:58+00:00\",\"dateModified\":\"2019-07-26T14:04:59+00:00\",\"mainEntityOfPage\":{\"@id\":\"https:\/\/bonheurdesarts.com\/gazette\/expositions\/age-de-raison-musee-fournaise\/\"},\"wordCount\":507,\"commentCount\":0,\"publisher\":{\"@id\":\"https:\/\/bonheurdesarts.com\/gazette\/#organization\"},\"image\":{\"@id\":\"https:\/\/bonheurdesarts.com\/gazette\/expositions\/age-de-raison-musee-fournaise\/#primaryimage\"},\"thumbnailUrl\":\"https:\/\/bonheurdesarts.com\/gazette\/wp-content\/uploads\/2018\/07\/IMG_9182.jpg\",\"keywords\":[\"19\u00e8me si\u00e8cle\",\"art fran\u00e7ais\",\"Chatou\",\"Enfants\",\"impressionnisme\",\"L'\u00e2ge de raison\",\"Mus\u00e9e Fournaise\",\"peintres\",\"peinture\",\"vie quotidienne\"],\"articleSection\":[\"Expositions\"],\"inLanguage\":\"fr-FR\",\"potentialAction\":[{\"@type\":\"CommentAction\",\"name\":\"Comment\",\"target\":[\"https:\/\/bonheurdesarts.com\/gazette\/expositions\/age-de-raison-musee-fournaise\/#respond\"]}]},{\"@type\":\"WebPage\",\"@id\":\"https:\/\/bonheurdesarts.com\/gazette\/expositions\/age-de-raison-musee-fournaise\/\",\"url\":\"https:\/\/bonheurdesarts.com\/gazette\/expositions\/age-de-raison-musee-fournaise\/\",\"name\":\"L'\u00e2ge de raison au Mus\u00e9e Fournaise (Chatou) - La gazette du bonheur des arts\",\"isPartOf\":{\"@id\":\"https:\/\/bonheurdesarts.com\/gazette\/#website\"},\"primaryImageOfPage\":{\"@id\":\"https:\/\/bonheurdesarts.com\/gazette\/expositions\/age-de-raison-musee-fournaise\/#primaryimage\"},\"image\":{\"@id\":\"https:\/\/bonheurdesarts.com\/gazette\/expositions\/age-de-raison-musee-fournaise\/#primaryimage\"},\"thumbnailUrl\":\"https:\/\/bonheurdesarts.com\/gazette\/wp-content\/uploads\/2018\/07\/IMG_9182.jpg\",\"datePublished\":\"2018-10-07T07:35:58+00:00\",\"dateModified\":\"2019-07-26T14:04:59+00:00\",\"description\":\"Le Mus\u00e9e Fournaise propose une exposition sur l'\u00e2ge de raison : le th\u00e8me de l'enfance est r\u00e9current chez les peintres du 19e si\u00e8cle.\",\"breadcrumb\":{\"@id\":\"https:\/\/bonheurdesarts.com\/gazette\/expositions\/age-de-raison-musee-fournaise\/#breadcrumb\"},\"inLanguage\":\"fr-FR\",\"potentialAction\":[{\"@type\":\"ReadAction\",\"target\":[\"https:\/\/bonheurdesarts.com\/gazette\/expositions\/age-de-raison-musee-fournaise\/\"]}]},{\"@type\":\"ImageObject\",\"inLanguage\":\"fr-FR\",\"@id\":\"https:\/\/bonheurdesarts.com\/gazette\/expositions\/age-de-raison-musee-fournaise\/#primaryimage\",\"url\":\"https:\/\/bonheurdesarts.com\/gazette\/wp-content\/uploads\/2018\/07\/IMG_9182.jpg\",\"contentUrl\":\"https:\/\/bonheurdesarts.com\/gazette\/wp-content\/uploads\/2018\/07\/IMG_9182.jpg\",\"width\":3305,\"height\":2207,\"caption\":\"Exposition - L'\u00e2ge de raison- Vu par les peintres au XIXe si\u00e8cle - Mus\u00e9e Fournaise - Chatou 2018\"},{\"@type\":\"BreadcrumbList\",\"@id\":\"https:\/\/bonheurdesarts.com\/gazette\/expositions\/age-de-raison-musee-fournaise\/#breadcrumb\",\"itemListElement\":[{\"@type\":\"ListItem\",\"position\":1,\"name\":\"Accueil\",\"item\":\"https:\/\/bonheurdesarts.com\/gazette\/\"},{\"@type\":\"ListItem\",\"position\":2,\"name\":\"L&rsquo;\u00e2ge de raison au Mus\u00e9e Fournaise (Chatou)\"}]},{\"@type\":\"WebSite\",\"@id\":\"https:\/\/bonheurdesarts.com\/gazette\/#website\",\"url\":\"https:\/\/bonheurdesarts.com\/gazette\/\",\"name\":\"La gazette du bonheur des arts\",\"description\":\"\",\"publisher\":{\"@id\":\"https:\/\/bonheurdesarts.com\/gazette\/#organization\"},\"potentialAction\":[{\"@type\":\"SearchAction\",\"target\":{\"@type\":\"EntryPoint\",\"urlTemplate\":\"https:\/\/bonheurdesarts.com\/gazette\/?s={search_term_string}\"},\"query-input\":{\"@type\":\"PropertyValueSpecification\",\"valueRequired\":true,\"valueName\":\"search_term_string\"}}],\"inLanguage\":\"fr-FR\"},{\"@type\":\"Organization\",\"@id\":\"https:\/\/bonheurdesarts.com\/gazette\/#organization\",\"name\":\"Au Bonheur des Arts\",\"url\":\"https:\/\/bonheurdesarts.com\/gazette\/\",\"logo\":{\"@type\":\"ImageObject\",\"inLanguage\":\"fr-FR\",\"@id\":\"https:\/\/bonheurdesarts.com\/gazette\/#\/schema\/logo\/image\/\",\"url\":\"https:\/\/bonheurdesarts.com\/gazette\/wp-content\/uploads\/2020\/02\/favicon-256px.png\",\"contentUrl\":\"https:\/\/bonheurdesarts.com\/gazette\/wp-content\/uploads\/2020\/02\/favicon-256px.png\",\"width\":256,\"height\":256,\"caption\":\"Au Bonheur des Arts\"},\"image\":{\"@id\":\"https:\/\/bonheurdesarts.com\/gazette\/#\/schema\/logo\/image\/\"},\"sameAs\":[\"https:\/\/x.com\/bonheurdesarts\",\"https:\/\/www.instagram.com\/bonheurdesarts\/\"]},{\"@type\":\"Person\",\"@id\":\"https:\/\/bonheurdesarts.com\/gazette\/#\/schema\/person\/30a900ca1a8d578cf6389dd05a1f9372\",\"name\":\"Enora Le Nigen\",\"image\":{\"@type\":\"ImageObject\",\"inLanguage\":\"fr-FR\",\"@id\":\"https:\/\/bonheurdesarts.com\/gazette\/#\/schema\/person\/image\/\",\"url\":\"https:\/\/secure.gravatar.com\/avatar\/966d0535d5d761270c0a050ee1cd46bdc4c75350ac2963f597d571571506350f?s=96&d=mm&r=g\",\"contentUrl\":\"https:\/\/secure.gravatar.com\/avatar\/966d0535d5d761270c0a050ee1cd46bdc4c75350ac2963f597d571571506350f?s=96&d=mm&r=g\",\"caption\":\"Enora Le Nigen\"},\"url\":\"https:\/\/bonheurdesarts.com\/gazette\/author\/enora-lenigen\/\"}]}<\/script>\n<!-- \/ Yoast SEO plugin. -->","yoast_head_json":{"title":"L'\u00e2ge de raison au Mus\u00e9e Fournaise (Chatou) - La gazette du bonheur des arts","description":"Le Mus\u00e9e Fournaise propose une exposition sur l'\u00e2ge de raison : le th\u00e8me de l'enfance est r\u00e9current chez les peintres du 19e si\u00e8cle.","robots":{"index":"index","follow":"follow","max-snippet":"max-snippet:-1","max-image-preview":"max-image-preview:large","max-video-preview":"max-video-preview:-1"},"canonical":"https:\/\/bonheurdesarts.com\/gazette\/expositions\/age-de-raison-musee-fournaise\/","og_locale":"fr_FR","og_type":"article","og_title":"L'\u00e2ge de raison au Mus\u00e9e Fournaise (Chatou) - La gazette du bonheur des arts","og_description":"Le Mus\u00e9e Fournaise propose une exposition sur l'\u00e2ge de raison : le th\u00e8me de l'enfance est r\u00e9current chez les peintres du 19e si\u00e8cle.","og_url":"https:\/\/bonheurdesarts.com\/gazette\/expositions\/age-de-raison-musee-fournaise\/","og_site_name":"La gazette du bonheur des arts","article_published_time":"2018-10-07T07:35:58+00:00","article_modified_time":"2019-07-26T14:04:59+00:00","og_image":[{"width":3305,"height":2207,"url":"https:\/\/bonheurdesarts.com\/gazette\/wp-content\/uploads\/2018\/07\/IMG_9182.jpg","type":"image\/jpeg"}],"author":"Enora Le Nigen","twitter_card":"summary_large_image","twitter_creator":"@bonheurdesarts","twitter_site":"@bonheurdesarts","twitter_misc":{"\u00c9crit par":"Enora Le Nigen","Dur\u00e9e de lecture estim\u00e9e":"2 minutes"},"schema":{"@context":"https:\/\/schema.org","@graph":[{"@type":"Article","@id":"https:\/\/bonheurdesarts.com\/gazette\/expositions\/age-de-raison-musee-fournaise\/#article","isPartOf":{"@id":"https:\/\/bonheurdesarts.com\/gazette\/expositions\/age-de-raison-musee-fournaise\/"},"author":{"name":"Enora Le Nigen","@id":"https:\/\/bonheurdesarts.com\/gazette\/#\/schema\/person\/30a900ca1a8d578cf6389dd05a1f9372"},"headline":"L&rsquo;\u00e2ge de raison au Mus\u00e9e Fournaise (Chatou)","datePublished":"2018-10-07T07:35:58+00:00","dateModified":"2019-07-26T14:04:59+00:00","mainEntityOfPage":{"@id":"https:\/\/bonheurdesarts.com\/gazette\/expositions\/age-de-raison-musee-fournaise\/"},"wordCount":507,"commentCount":0,"publisher":{"@id":"https:\/\/bonheurdesarts.com\/gazette\/#organization"},"image":{"@id":"https:\/\/bonheurdesarts.com\/gazette\/expositions\/age-de-raison-musee-fournaise\/#primaryimage"},"thumbnailUrl":"https:\/\/bonheurdesarts.com\/gazette\/wp-content\/uploads\/2018\/07\/IMG_9182.jpg","keywords":["19\u00e8me si\u00e8cle","art fran\u00e7ais","Chatou","Enfants","impressionnisme","L'\u00e2ge de raison","Mus\u00e9e Fournaise","peintres","peinture","vie quotidienne"],"articleSection":["Expositions"],"inLanguage":"fr-FR","potentialAction":[{"@type":"CommentAction","name":"Comment","target":["https:\/\/bonheurdesarts.com\/gazette\/expositions\/age-de-raison-musee-fournaise\/#respond"]}]},{"@type":"WebPage","@id":"https:\/\/bonheurdesarts.com\/gazette\/expositions\/age-de-raison-musee-fournaise\/","url":"https:\/\/bonheurdesarts.com\/gazette\/expositions\/age-de-raison-musee-fournaise\/","name":"L'\u00e2ge de raison au Mus\u00e9e Fournaise (Chatou) - La gazette du bonheur des arts","isPartOf":{"@id":"https:\/\/bonheurdesarts.com\/gazette\/#website"},"primaryImageOfPage":{"@id":"https:\/\/bonheurdesarts.com\/gazette\/expositions\/age-de-raison-musee-fournaise\/#primaryimage"},"image":{"@id":"https:\/\/bonheurdesarts.com\/gazette\/expositions\/age-de-raison-musee-fournaise\/#primaryimage"},"thumbnailUrl":"https:\/\/bonheurdesarts.com\/gazette\/wp-content\/uploads\/2018\/07\/IMG_9182.jpg","datePublished":"2018-10-07T07:35:58+00:00","dateModified":"2019-07-26T14:04:59+00:00","description":"Le Mus\u00e9e Fournaise propose une exposition sur l'\u00e2ge de raison : le th\u00e8me de l'enfance est r\u00e9current chez les peintres du 19e si\u00e8cle.","breadcrumb":{"@id":"https:\/\/bonheurdesarts.com\/gazette\/expositions\/age-de-raison-musee-fournaise\/#breadcrumb"},"inLanguage":"fr-FR","potentialAction":[{"@type":"ReadAction","target":["https:\/\/bonheurdesarts.com\/gazette\/expositions\/age-de-raison-musee-fournaise\/"]}]},{"@type":"ImageObject","inLanguage":"fr-FR","@id":"https:\/\/bonheurdesarts.com\/gazette\/expositions\/age-de-raison-musee-fournaise\/#primaryimage","url":"https:\/\/bonheurdesarts.com\/gazette\/wp-content\/uploads\/2018\/07\/IMG_9182.jpg","contentUrl":"https:\/\/bonheurdesarts.com\/gazette\/wp-content\/uploads\/2018\/07\/IMG_9182.jpg","width":3305,"height":2207,"caption":"Exposition - L'\u00e2ge de raison- Vu par les peintres au XIXe si\u00e8cle - Mus\u00e9e Fournaise - Chatou 2018"},{"@type":"BreadcrumbList","@id":"https:\/\/bonheurdesarts.com\/gazette\/expositions\/age-de-raison-musee-fournaise\/#breadcrumb","itemListElement":[{"@type":"ListItem","position":1,"name":"Accueil","item":"https:\/\/bonheurdesarts.com\/gazette\/"},{"@type":"ListItem","position":2,"name":"L&rsquo;\u00e2ge de raison au Mus\u00e9e Fournaise (Chatou)"}]},{"@type":"WebSite","@id":"https:\/\/bonheurdesarts.com\/gazette\/#website","url":"https:\/\/bonheurdesarts.com\/gazette\/","name":"La gazette du bonheur des arts","description":"","publisher":{"@id":"https:\/\/bonheurdesarts.com\/gazette\/#organization"},"potentialAction":[{"@type":"SearchAction","target":{"@type":"EntryPoint","urlTemplate":"https:\/\/bonheurdesarts.com\/gazette\/?s={search_term_string}"},"query-input":{"@type":"PropertyValueSpecification","valueRequired":true,"valueName":"search_term_string"}}],"inLanguage":"fr-FR"},{"@type":"Organization","@id":"https:\/\/bonheurdesarts.com\/gazette\/#organization","name":"Au Bonheur des Arts","url":"https:\/\/bonheurdesarts.com\/gazette\/","logo":{"@type":"ImageObject","inLanguage":"fr-FR","@id":"https:\/\/bonheurdesarts.com\/gazette\/#\/schema\/logo\/image\/","url":"https:\/\/bonheurdesarts.com\/gazette\/wp-content\/uploads\/2020\/02\/favicon-256px.png","contentUrl":"https:\/\/bonheurdesarts.com\/gazette\/wp-content\/uploads\/2020\/02\/favicon-256px.png","width":256,"height":256,"caption":"Au Bonheur des Arts"},"image":{"@id":"https:\/\/bonheurdesarts.com\/gazette\/#\/schema\/logo\/image\/"},"sameAs":["https:\/\/x.com\/bonheurdesarts","https:\/\/www.instagram.com\/bonheurdesarts\/"]},{"@type":"Person","@id":"https:\/\/bonheurdesarts.com\/gazette\/#\/schema\/person\/30a900ca1a8d578cf6389dd05a1f9372","name":"Enora Le Nigen","image":{"@type":"ImageObject","inLanguage":"fr-FR","@id":"https:\/\/bonheurdesarts.com\/gazette\/#\/schema\/person\/image\/","url":"https:\/\/secure.gravatar.com\/avatar\/966d0535d5d761270c0a050ee1cd46bdc4c75350ac2963f597d571571506350f?s=96&d=mm&r=g","contentUrl":"https:\/\/secure.gravatar.com\/avatar\/966d0535d5d761270c0a050ee1cd46bdc4c75350ac2963f597d571571506350f?s=96&d=mm&r=g","caption":"Enora Le Nigen"},"url":"https:\/\/bonheurdesarts.com\/gazette\/author\/enora-lenigen\/"}]}},"_links":{"self":[{"href":"https:\/\/bonheurdesarts.com\/gazette\/wp-json\/wp\/v2\/posts\/452","targetHints":{"allow":["GET"]}}],"collection":[{"href":"https:\/\/bonheurdesarts.com\/gazette\/wp-json\/wp\/v2\/posts"}],"about":[{"href":"https:\/\/bonheurdesarts.com\/gazette\/wp-json\/wp\/v2\/types\/post"}],"author":[{"embeddable":true,"href":"https:\/\/bonheurdesarts.com\/gazette\/wp-json\/wp\/v2\/users\/2"}],"replies":[{"embeddable":true,"href":"https:\/\/bonheurdesarts.com\/gazette\/wp-json\/wp\/v2\/comments?post=452"}],"version-history":[{"count":5,"href":"https:\/\/bonheurdesarts.com\/gazette\/wp-json\/wp\/v2\/posts\/452\/revisions"}],"predecessor-version":[{"id":803,"href":"https:\/\/bonheurdesarts.com\/gazette\/wp-json\/wp\/v2\/posts\/452\/revisions\/803"}],"wp:featuredmedia":[{"embeddable":true,"href":"https:\/\/bonheurdesarts.com\/gazette\/wp-json\/wp\/v2\/media\/455"}],"wp:attachment":[{"href":"https:\/\/bonheurdesarts.com\/gazette\/wp-json\/wp\/v2\/media?parent=452"}],"wp:term":[{"taxonomy":"category","embeddable":true,"href":"https:\/\/bonheurdesarts.com\/gazette\/wp-json\/wp\/v2\/categories?post=452"},{"taxonomy":"post_tag","embeddable":true,"href":"https:\/\/bonheurdesarts.com\/gazette\/wp-json\/wp\/v2\/tags?post=452"}],"curies":[{"name":"wp","href":"https:\/\/api.w.org\/{rel}","templated":true}]}}