{"id":422,"date":"2018-08-09T09:08:56","date_gmt":"2018-08-09T07:08:56","guid":{"rendered":"https:\/\/bonheurdesarts.com\/gazette\/?p=422"},"modified":"2019-07-26T16:22:17","modified_gmt":"2019-07-26T14:22:17","slug":"diapason-monde-fondation-vuitton","status":"publish","type":"post","link":"https:\/\/bonheurdesarts.com\/gazette\/expositions\/diapason-monde-fondation-vuitton\/","title":{"rendered":"Au diapason du monde \u00e0 la Fondation Louis Vuitton"},"content":{"rendered":"<h2 align=\"center\"><span style=\"color: #800000;\"><span style=\"font-size: medium;\"><b>\u00a0\u00bbAu diapason du monde\u00a0\u00bb &#8211; La Nouvelle s\u00e9lection de leur Collection<\/b><\/span><\/span><\/h2>\n<figure id=\"attachment_423\" aria-describedby=\"caption-attachment-423\" style=\"width: 191px\" class=\"wp-caption alignleft\"><img decoding=\"async\" class=\" wp-image-423\" src=\"https:\/\/bonheurdesarts.com\/gazette\/wp-content\/uploads\/2018\/07\/Affiche-au-diapason-du-monde-229x300.jpg\" alt=\"Affiche de l'exposition Au diapason du monde - Fondation Louis Vuitton - Paris 2018\" width=\"191\" height=\"251\" srcset=\"https:\/\/bonheurdesarts.com\/gazette\/wp-content\/uploads\/2018\/07\/Affiche-au-diapason-du-monde-229x300.jpg 229w, https:\/\/bonheurdesarts.com\/gazette\/wp-content\/uploads\/2018\/07\/Affiche-au-diapason-du-monde.jpg 738w\" sizes=\"(max-width: 191px) 100vw, 191px\" \/><figcaption id=\"caption-attachment-423\" class=\"wp-caption-text\">Affiche de l&rsquo;exposition Au diapason du monde &#8211; Fondation Louis Vuitton &#8211; Paris 2018<\/figcaption><\/figure>\n<p align=\"justify\"><span style=\"color: #000000;\"><span style=\"font-size: medium;\"><i><b>Au diapason du monde <\/b><\/i>est la nouvelle exposition de la Fondation Louis Vuitton. Visible du 11 avril au 27 ao\u00fbt 2018, celle-ci vous pr\u00e9sente une nouvelle s\u00e9lection d\u2019\u0153uvres contemporaines et modernes qui figurent parmi la collection de la <a href=\"http:\/\/www.fondationlouisvuitton.fr\/\">Fondation Louis Vuitton<\/a>. La Fondation nous pr\u00e9cise d&rsquo;ailleurs que l&rsquo;essentiel des \u0153uvres de cette nouvelle s\u00e9lection n&rsquo;a pour la plupart jamais \u00e9t\u00e9 montr\u00e9. Cette exposition tourne autour du questionnement de la place de l&rsquo;Homme dans l&rsquo;Univers et l&rsquo;approche qui le lie au monde du vivant. Pour cela, les \u0153uvres pr\u00e9sent\u00e9es sont tous m\u00e9diums confondus, allant de la peinture \u00e0 la sculpture ou encore de l&rsquo;installation \u00e0 la vid\u00e9o, etc\u2026<\/span><\/span><\/p>\n<figure id=\"attachment_425\" aria-describedby=\"caption-attachment-425\" style=\"width: 419px\" class=\"wp-caption alignright\"><img fetchpriority=\"high\" decoding=\"async\" class=\" wp-image-425\" src=\"https:\/\/bonheurdesarts.com\/gazette\/wp-content\/uploads\/2018\/07\/IMG_9113-300x200.jpg\" alt=\"Salle ''The Octopus eats its own Leg'' - Takashi Murakami - Exposition Au diapason du monde - Fondation Louis Vuitton - Paris 2018\" width=\"419\" height=\"279\" srcset=\"https:\/\/bonheurdesarts.com\/gazette\/wp-content\/uploads\/2018\/07\/IMG_9113-300x200.jpg 300w, https:\/\/bonheurdesarts.com\/gazette\/wp-content\/uploads\/2018\/07\/IMG_9113-768x512.jpg 768w, https:\/\/bonheurdesarts.com\/gazette\/wp-content\/uploads\/2018\/07\/IMG_9113-1024x683.jpg 1024w\" sizes=\"(max-width: 419px) 100vw, 419px\" \/><figcaption id=\"caption-attachment-425\" class=\"wp-caption-text\">Salle \u00a0\u00bbThe Octopus eats its own Leg\u00a0\u00bb &#8211; Takashi Murakami &#8211; Exposition Au diapason du monde &#8211; Fondation Louis Vuitton &#8211; Paris 2018<\/figcaption><\/figure>\n<p align=\"justify\"><span style=\"color: #000000;\"><span style=\"font-size: medium;\">L&rsquo;exposition <\/span><\/span><span style=\"color: #000000;\"><span style=\"font-size: medium;\"><i><b>Au diapason du monde<\/b><\/i><\/span><\/span><span style=\"color: #000000;\"><span style=\"font-size: medium;\"> se scinde en deux parcours qui se veulent compl\u00e9mentaires. L&rsquo;un vous plonge dans l\u2019univers unique et si particulier de l&rsquo;artiste japonais <a href=\"https:\/\/fr.wikipedia.org\/wiki\/Takashi_Murakami\">Takashi Murakami<\/a>. Univers imaginaire qui s&rsquo;inspire pourtant de la r\u00e9alit\u00e9, Murakami fait a plusieurs reprises r\u00e9f\u00e9rence \u00e0 l&rsquo;actualit\u00e9 de son pays, que ce soit sous forme d\u2019inspiration politique, religieuse ou encore aux traumatismes dus aux <\/span><\/span>catastrophes climatiques qui ont frapp\u00e9 <span style=\"color: #000000;\"><span style=\"font-size: medium;\">et marqu\u00e9 son pays.<\/span><\/span><\/p>\n<p align=\"justify\"><span style=\"color: #000000;\"><span style=\"font-size: medium;\">L&rsquo;autre parcours\u00a0quant \u00e0 lui s&rsquo;intitule \u00ab\u00a0<\/span><\/span><span style=\"color: #000000;\"><span style=\"font-size: medium;\"><i><b>L&rsquo;homme dans l&rsquo;univers du vivant<\/b><\/i><\/span><\/span><span style=\"color: #000000;\"><span style=\"font-size: medium;\">\u00a0\u00bb. <\/span><\/span><span style=\"color: #000000;\"><span style=\"font-size: medium;\">S<\/span><\/span><span style=\"color: #000000;\"><span style=\"font-size: medium;\">i le premier parcours se focalisait sur un artiste pr\u00e9cis, ici vous aurez <\/span><\/span><span style=\"color: #000000;\"><span style=\"font-size: medium;\">af<\/span><\/span><span style=\"color: #000000;\"><span style=\"font-size: medium;\">faire \u00e0 un ensemble d\u2019\u0153uvres r\u00e9unissant vingt-huit artistes fran\u00e7ais et internationaux. Ce second parcours se d\u00e9coupe en trois parties. La premi\u00e8re \u00ab\u00a0<\/span><\/span><span style=\"color: #000000;\"><span style=\"font-size: medium;\"><i><b>Irradiances<\/b><\/i><\/span><\/span><span style=\"color: #000000;\"><span style=\"font-size: medium;\"><i>\u00a0<\/i><\/span><\/span><span style=\"color: #000000;\"><span style=\"font-size: medium;\">\u00bb pr\u00e9sente un questionnement entre nature et mati\u00e8re par les artistes, mais rappel<\/span><\/span><span style=\"color: #000000;\"><span style=\"font-size: medium;\">le<\/span><\/span><span style=\"color: #000000;\"><span style=\"font-size: medium;\"> \u00e9galement ce mat\u00e9riau r\u00e9cent dans l&rsquo;art qu&rsquo;est le n\u00e9on. La seconde \u00ab\u00a0<\/span><\/span><span style=\"color: #000000;\"><span style=\"font-size: medium;\"><i><b>L\u00e0, infiniment&#8230;<\/b><\/i><\/span><\/span><span style=\"color: #000000;\"><span style=\"font-size: medium;\"><b>\u00a0<\/b><\/span><\/span><span style=\"color: #000000;\"><span style=\"font-size: medium;\">\u00bb se focalise sur trois artistes d&rsquo;une m\u00eame g\u00e9n\u00e9ration qui s&rsquo;interrogent sur un sujet commun\u00a0: la domination de l&rsquo;humain et sa possible disparation \u00e0 venir. Et enfin la troisi\u00e8me partie \u00ab\u00a0<\/span><\/span><span style=\"color: #000000;\"><span style=\"font-size: medium;\"><i><b>L&rsquo;Homme qui chavire\u00a0<\/b><\/i><\/span><\/span><span style=\"color: #000000;\"><span style=\"font-size: medium;\">\u00bb <\/span><\/span><span style=\"color: #000000;\"><span style=\"font-size: medium;\">fait quant \u00e0 elle r\u00e9f\u00e9rence de mani\u00e8re directe \u00e0 la sculpture <\/span><\/span><span style=\"color: #000000;\"><span style=\"font-size: medium;\"><i><b>L&rsquo;homme qui chavire<\/b><\/i><\/span><\/span><span style=\"color: #000000;\"><span style=\"font-size: medium;\"> (1950) d&rsquo;<a href=\"https:\/\/www.fondation-giacometti.fr\/fr\/biographie\">Alberto Giacometti<\/a> et tourne autour de l&rsquo;homme dans tout ses \u00e9tats en passant par les multiple<\/span><\/span><span style=\"color: #000000;\"><span style=\"font-size: medium;\">s<\/span><\/span><span style=\"color: #000000;\"><span style=\"font-size: medium;\"> sculptures d&rsquo;Alberto Giacometti, <\/span><\/span><span style=\"color: #000000;\"><span style=\"font-size: medium;\">ainsi qu&rsquo;une \u0153uvre <\/span><\/span> <span style=\"color: #000000;\"><span style=\"font-size: medium;\">d&rsquo;<\/span><\/span><span style=\"color: #000000;\"><span style=\"font-size: medium;\">Henri Matisse <\/span><\/span><span style=\"color: #000000;\"><span style=\"font-size: medium;\">ou encore d&rsquo;<\/span><\/span><span style=\"color: #000000;\"><span style=\"font-size: medium;\">Yves Klein, <\/span><\/span><span style=\"color: #000000;\"><span style=\"font-size: medium;\">et bien d&rsquo;autres<\/span><\/span><span style=\"color: #000000;\"><span style=\"font-size: medium;\">.<\/span><\/span><\/p>\n<figure id=\"attachment_426\" aria-describedby=\"caption-attachment-426\" style=\"width: 581px\" class=\"wp-caption aligncenter\"><img decoding=\"async\" class=\" wp-image-426\" src=\"https:\/\/bonheurdesarts.com\/gazette\/wp-content\/uploads\/2018\/07\/IMG_9160-300x170.jpg\" alt=\"Exposition Au diapason du monde - Fondation Louis Vuitton - Paris 2018\" width=\"581\" height=\"330\" srcset=\"https:\/\/bonheurdesarts.com\/gazette\/wp-content\/uploads\/2018\/07\/IMG_9160-300x170.jpg 300w, https:\/\/bonheurdesarts.com\/gazette\/wp-content\/uploads\/2018\/07\/IMG_9160-768x435.jpg 768w, https:\/\/bonheurdesarts.com\/gazette\/wp-content\/uploads\/2018\/07\/IMG_9160-1024x580.jpg 1024w\" sizes=\"(max-width: 581px) 100vw, 581px\" \/><figcaption id=\"caption-attachment-426\" class=\"wp-caption-text\">Exposition Au diapason du monde &#8211; Fondation Louis Vuitton &#8211; Paris 2018<\/figcaption><\/figure>\n<p align=\"justify\"><span style=\"color: #000000;\"><span style=\"font-size: medium;\"> <i><b>Au diapason du monde<\/b><\/i>, est une exposition qui questionne donc la place de l&rsquo;Homme dans l&rsquo;Univers, mais aussi la relation qu&rsquo;il entretient avec le monde, les animaux, la nature, etc., mais aussi plus r\u00e9cemment avec la technologie.<\/span><\/span><\/p>\n<ul class=\"wpfai-list\"><li class=\"wpfai-list-item twitter\">\r\n      <a href=\"http:\/\/twitter.com\/share?text=La%20gazette%20du%20bonheur%20des%20arts&url=http%3A%2F%2Fbonheurdesarts.com%2Fgazette%2Fwp-json%2Fwp%2Fv2%2Fposts%2F422\" title=\"Twitter\" class=\"wpfai-twitter wpfai-link wpfainw\">\r\n        <span class=\"fa-stack fa-lg\">\r\n          <i class=\"fa fa-circle fa-stack-2x\"><\/i>\r\n          <i class=\"fa fa-twitter fa-stack-1x fa-inverse\"><\/i>\r\n        <\/span>\r\n      <\/a>\r\n    <\/li><li class=\"wpfai-list-item linkedin\">\r\n      <a href=\"http:\/\/linkedin.com\/shareArticle?mini=true&amp;url=http%3A%2F%2Fbonheurdesarts.com%2Fgazette%2Fwp-json%2Fwp%2Fv2%2Fposts%2F422&amp;title=La%20gazette%20du%20bonheur%20des%20arts\" title=\"Linked In\" class=\"wpfai-linkedin wpfai-link wpfainw\">\r\n        <span class=\"fa-stack fa-lg\">\r\n          <i class=\"fa fa-circle fa-stack-2x\"><\/i>\r\n          <i class=\"fa fa-linkedin fa-stack-1x fa-inverse\"><\/i>\r\n        <\/span>\r\n      <\/a>\r\n    <\/li><li class=\"wpfai-list-item facebook\">\r\n      <a href=\"http:\/\/www.facebook.com\/sharer.php?u=http%3A%2F%2Fbonheurdesarts.com%2Fgazette%2Fwp-json%2Fwp%2Fv2%2Fposts%2F422&amp;t=La%20gazette%20du%20bonheur%20des%20arts\" title=\"Facebook\" class=\"wpfai-facebook wpfai-link wpfainw\">\r\n        <span class=\"fa-stack fa-lg\">\r\n          <i class=\"fa fa-circle fa-stack-2x\"><\/i>\r\n          <i class=\"fa fa-facebook fa-stack-1x fa-inverse\"><\/i>\r\n        <\/span>\r\n      <\/a>\r\n    <\/li><li class=\"wpfai-list-item pinterest\">\r\n      <a href=\"http:\/\/pinterest.com\/pin\/create\/button\/?url=http%3A%2F%2Fbonheurdesarts.com%2Fgazette%2Fwp-json%2Fwp%2Fv2%2Fposts%2F422&amp;description=La%20gazette%20du%20bonheur%20des%20arts&amp;media=\" title=\"Pinterest\" class=\"wpfai-pinterest wpfai-link wpfainw\">\r\n        <span class=\"fa-stack fa-lg\">\r\n          <i class=\"fa fa-circle fa-stack-2x\"><\/i>\r\n          <i class=\"fa fa-pinterest fa-stack-1x fa-inverse\"><\/i>\r\n        <\/span>\r\n      <\/a>\r\n    <\/li><li class=\"wpfai-list-item envelope\">\r\n      <a href=\"mailto:?subject=La%20gazette%20du%20bonheur%20des%20arts&amp;body=http%3A%2F%2Fbonheurdesarts.com%2Fgazette%2Fwp-json%2Fwp%2Fv2%2Fposts%2F422%20-%20\" title=\"E-Mail\" class=\"wpfai-envelope wpfai-link wpfainw\">\r\n        <span class=\"fa-stack fa-lg\">\r\n          <i class=\"fa fa-circle fa-stack-2x\"><\/i>\r\n          <i class=\"fa fa-envelope fa-stack-1x fa-inverse\"><\/i>\r\n        <\/span>\r\n      <\/a>\r\n    <\/li><\/ul>","protected":false},"excerpt":{"rendered":"<p>\u00a0\u00bbAu diapason du monde\u00a0\u00bb &#8211; La Nouvelle s\u00e9lection de leur Collection Au diapason du monde est la nouvelle exposition de la Fondation Louis Vuitton. Visible du 11 avril au 27&hellip;<\/p>\n","protected":false},"author":2,"featured_media":424,"comment_status":"open","ping_status":"open","sticky":false,"template":"","format":"standard","meta":{"footnotes":""},"categories":[5],"tags":[89,111,13,112,23,113],"class_list":["post-422","post","type-post","status-publish","format-standard","has-post-thumbnail","hentry","category-expositions","tag-art-contemporain","tag-au-diapason-du-monde","tag-exposition","tag-fondation-louis-vuitton","tag-paris","tag-takashi-murakami"],"yoast_head":"<!-- This site is optimized with the Yoast SEO plugin v26.8 - https:\/\/yoast.com\/product\/yoast-seo-wordpress\/ -->\n<title>Au diapason du monde \u00e0 la Fondation Louis Vuitton - La gazette du bonheur des arts<\/title>\n<meta name=\"description\" content=\"L&#039;exposition &quot;au diapason du monde&quot; est une s\u00e9lection d\u2019\u0153uvres contemporaines et modernes qui figurent parmi la collection de la Fondation Louis Vuitton.\" \/>\n<meta name=\"robots\" content=\"index, follow, max-snippet:-1, max-image-preview:large, max-video-preview:-1\" \/>\n<link rel=\"canonical\" href=\"https:\/\/bonheurdesarts.com\/gazette\/expositions\/diapason-monde-fondation-vuitton\/\" \/>\n<meta property=\"og:locale\" content=\"fr_FR\" \/>\n<meta property=\"og:type\" content=\"article\" \/>\n<meta property=\"og:title\" content=\"Au diapason du monde \u00e0 la Fondation Louis Vuitton - La gazette du bonheur des arts\" \/>\n<meta property=\"og:description\" content=\"L&#039;exposition &quot;au diapason du monde&quot; est une s\u00e9lection d\u2019\u0153uvres contemporaines et modernes qui figurent parmi la collection de la Fondation Louis Vuitton.\" \/>\n<meta property=\"og:url\" content=\"https:\/\/bonheurdesarts.com\/gazette\/expositions\/diapason-monde-fondation-vuitton\/\" \/>\n<meta property=\"og:site_name\" content=\"La gazette du bonheur des arts\" \/>\n<meta property=\"article:published_time\" content=\"2018-08-09T07:08:56+00:00\" \/>\n<meta property=\"article:modified_time\" content=\"2019-07-26T14:22:17+00:00\" \/>\n<meta property=\"og:image\" content=\"https:\/\/bonheurdesarts.com\/gazette\/wp-content\/uploads\/2018\/07\/IMG_9079.jpg\" \/>\n\t<meta property=\"og:image:width\" content=\"3703\" \/>\n\t<meta property=\"og:image:height\" content=\"2578\" \/>\n\t<meta property=\"og:image:type\" content=\"image\/jpeg\" \/>\n<meta name=\"author\" content=\"Enora Le Nigen\" \/>\n<meta name=\"twitter:card\" content=\"summary_large_image\" \/>\n<meta name=\"twitter:creator\" content=\"@bonheurdesarts\" \/>\n<meta name=\"twitter:site\" content=\"@bonheurdesarts\" \/>\n<meta name=\"twitter:label1\" content=\"\u00c9crit par\" \/>\n\t<meta name=\"twitter:data1\" content=\"Enora Le Nigen\" \/>\n\t<meta name=\"twitter:label2\" content=\"Dur\u00e9e de lecture estim\u00e9e\" \/>\n\t<meta name=\"twitter:data2\" content=\"2 minutes\" \/>\n<script type=\"application\/ld+json\" class=\"yoast-schema-graph\">{\"@context\":\"https:\/\/schema.org\",\"@graph\":[{\"@type\":\"Article\",\"@id\":\"https:\/\/bonheurdesarts.com\/gazette\/expositions\/diapason-monde-fondation-vuitton\/#article\",\"isPartOf\":{\"@id\":\"https:\/\/bonheurdesarts.com\/gazette\/expositions\/diapason-monde-fondation-vuitton\/\"},\"author\":{\"name\":\"Enora Le Nigen\",\"@id\":\"https:\/\/bonheurdesarts.com\/gazette\/#\/schema\/person\/30a900ca1a8d578cf6389dd05a1f9372\"},\"headline\":\"Au diapason du monde \u00e0 la Fondation Louis Vuitton\",\"datePublished\":\"2018-08-09T07:08:56+00:00\",\"dateModified\":\"2019-07-26T14:22:17+00:00\",\"mainEntityOfPage\":{\"@id\":\"https:\/\/bonheurdesarts.com\/gazette\/expositions\/diapason-monde-fondation-vuitton\/\"},\"wordCount\":479,\"commentCount\":0,\"publisher\":{\"@id\":\"https:\/\/bonheurdesarts.com\/gazette\/#organization\"},\"image\":{\"@id\":\"https:\/\/bonheurdesarts.com\/gazette\/expositions\/diapason-monde-fondation-vuitton\/#primaryimage\"},\"thumbnailUrl\":\"https:\/\/bonheurdesarts.com\/gazette\/wp-content\/uploads\/2018\/07\/IMG_9079.jpg\",\"keywords\":[\"art contemporain\",\"Au diapason du monde\",\"Exposition\",\"Fondation Louis Vuitton\",\"paris\",\"Takashi Murakami\"],\"articleSection\":[\"Expositions\"],\"inLanguage\":\"fr-FR\",\"potentialAction\":[{\"@type\":\"CommentAction\",\"name\":\"Comment\",\"target\":[\"https:\/\/bonheurdesarts.com\/gazette\/expositions\/diapason-monde-fondation-vuitton\/#respond\"]}]},{\"@type\":\"WebPage\",\"@id\":\"https:\/\/bonheurdesarts.com\/gazette\/expositions\/diapason-monde-fondation-vuitton\/\",\"url\":\"https:\/\/bonheurdesarts.com\/gazette\/expositions\/diapason-monde-fondation-vuitton\/\",\"name\":\"Au diapason du monde \u00e0 la Fondation Louis Vuitton - La gazette du bonheur des arts\",\"isPartOf\":{\"@id\":\"https:\/\/bonheurdesarts.com\/gazette\/#website\"},\"primaryImageOfPage\":{\"@id\":\"https:\/\/bonheurdesarts.com\/gazette\/expositions\/diapason-monde-fondation-vuitton\/#primaryimage\"},\"image\":{\"@id\":\"https:\/\/bonheurdesarts.com\/gazette\/expositions\/diapason-monde-fondation-vuitton\/#primaryimage\"},\"thumbnailUrl\":\"https:\/\/bonheurdesarts.com\/gazette\/wp-content\/uploads\/2018\/07\/IMG_9079.jpg\",\"datePublished\":\"2018-08-09T07:08:56+00:00\",\"dateModified\":\"2019-07-26T14:22:17+00:00\",\"description\":\"L'exposition \\\"au diapason du monde\\\" est une s\u00e9lection d\u2019\u0153uvres contemporaines et modernes qui figurent parmi la collection de la Fondation Louis Vuitton.\",\"breadcrumb\":{\"@id\":\"https:\/\/bonheurdesarts.com\/gazette\/expositions\/diapason-monde-fondation-vuitton\/#breadcrumb\"},\"inLanguage\":\"fr-FR\",\"potentialAction\":[{\"@type\":\"ReadAction\",\"target\":[\"https:\/\/bonheurdesarts.com\/gazette\/expositions\/diapason-monde-fondation-vuitton\/\"]}]},{\"@type\":\"ImageObject\",\"inLanguage\":\"fr-FR\",\"@id\":\"https:\/\/bonheurdesarts.com\/gazette\/expositions\/diapason-monde-fondation-vuitton\/#primaryimage\",\"url\":\"https:\/\/bonheurdesarts.com\/gazette\/wp-content\/uploads\/2018\/07\/IMG_9079.jpg\",\"contentUrl\":\"https:\/\/bonheurdesarts.com\/gazette\/wp-content\/uploads\/2018\/07\/IMG_9079.jpg\",\"width\":3703,\"height\":2578,\"caption\":\"Exposition Au diapason du monde - Fondation Louis Vuitton - Paris 2018\"},{\"@type\":\"BreadcrumbList\",\"@id\":\"https:\/\/bonheurdesarts.com\/gazette\/expositions\/diapason-monde-fondation-vuitton\/#breadcrumb\",\"itemListElement\":[{\"@type\":\"ListItem\",\"position\":1,\"name\":\"Accueil\",\"item\":\"https:\/\/bonheurdesarts.com\/gazette\/\"},{\"@type\":\"ListItem\",\"position\":2,\"name\":\"Au diapason du monde \u00e0 la Fondation Louis Vuitton\"}]},{\"@type\":\"WebSite\",\"@id\":\"https:\/\/bonheurdesarts.com\/gazette\/#website\",\"url\":\"https:\/\/bonheurdesarts.com\/gazette\/\",\"name\":\"La gazette du bonheur des arts\",\"description\":\"\",\"publisher\":{\"@id\":\"https:\/\/bonheurdesarts.com\/gazette\/#organization\"},\"potentialAction\":[{\"@type\":\"SearchAction\",\"target\":{\"@type\":\"EntryPoint\",\"urlTemplate\":\"https:\/\/bonheurdesarts.com\/gazette\/?s={search_term_string}\"},\"query-input\":{\"@type\":\"PropertyValueSpecification\",\"valueRequired\":true,\"valueName\":\"search_term_string\"}}],\"inLanguage\":\"fr-FR\"},{\"@type\":\"Organization\",\"@id\":\"https:\/\/bonheurdesarts.com\/gazette\/#organization\",\"name\":\"Au Bonheur des Arts\",\"url\":\"https:\/\/bonheurdesarts.com\/gazette\/\",\"logo\":{\"@type\":\"ImageObject\",\"inLanguage\":\"fr-FR\",\"@id\":\"https:\/\/bonheurdesarts.com\/gazette\/#\/schema\/logo\/image\/\",\"url\":\"https:\/\/bonheurdesarts.com\/gazette\/wp-content\/uploads\/2020\/02\/favicon-256px.png\",\"contentUrl\":\"https:\/\/bonheurdesarts.com\/gazette\/wp-content\/uploads\/2020\/02\/favicon-256px.png\",\"width\":256,\"height\":256,\"caption\":\"Au Bonheur des Arts\"},\"image\":{\"@id\":\"https:\/\/bonheurdesarts.com\/gazette\/#\/schema\/logo\/image\/\"},\"sameAs\":[\"https:\/\/x.com\/bonheurdesarts\",\"https:\/\/www.instagram.com\/bonheurdesarts\/\"]},{\"@type\":\"Person\",\"@id\":\"https:\/\/bonheurdesarts.com\/gazette\/#\/schema\/person\/30a900ca1a8d578cf6389dd05a1f9372\",\"name\":\"Enora Le Nigen\",\"image\":{\"@type\":\"ImageObject\",\"inLanguage\":\"fr-FR\",\"@id\":\"https:\/\/bonheurdesarts.com\/gazette\/#\/schema\/person\/image\/\",\"url\":\"https:\/\/secure.gravatar.com\/avatar\/966d0535d5d761270c0a050ee1cd46bdc4c75350ac2963f597d571571506350f?s=96&d=mm&r=g\",\"contentUrl\":\"https:\/\/secure.gravatar.com\/avatar\/966d0535d5d761270c0a050ee1cd46bdc4c75350ac2963f597d571571506350f?s=96&d=mm&r=g\",\"caption\":\"Enora Le Nigen\"},\"url\":\"https:\/\/bonheurdesarts.com\/gazette\/author\/enora-lenigen\/\"}]}<\/script>\n<!-- \/ Yoast SEO plugin. -->","yoast_head_json":{"title":"Au diapason du monde \u00e0 la Fondation Louis Vuitton - La gazette du bonheur des arts","description":"L'exposition \"au diapason du monde\" est une s\u00e9lection d\u2019\u0153uvres contemporaines et modernes qui figurent parmi la collection de la Fondation Louis Vuitton.","robots":{"index":"index","follow":"follow","max-snippet":"max-snippet:-1","max-image-preview":"max-image-preview:large","max-video-preview":"max-video-preview:-1"},"canonical":"https:\/\/bonheurdesarts.com\/gazette\/expositions\/diapason-monde-fondation-vuitton\/","og_locale":"fr_FR","og_type":"article","og_title":"Au diapason du monde \u00e0 la Fondation Louis Vuitton - La gazette du bonheur des arts","og_description":"L'exposition \"au diapason du monde\" est une s\u00e9lection d\u2019\u0153uvres contemporaines et modernes qui figurent parmi la collection de la Fondation Louis Vuitton.","og_url":"https:\/\/bonheurdesarts.com\/gazette\/expositions\/diapason-monde-fondation-vuitton\/","og_site_name":"La gazette du bonheur des arts","article_published_time":"2018-08-09T07:08:56+00:00","article_modified_time":"2019-07-26T14:22:17+00:00","og_image":[{"width":3703,"height":2578,"url":"https:\/\/bonheurdesarts.com\/gazette\/wp-content\/uploads\/2018\/07\/IMG_9079.jpg","type":"image\/jpeg"}],"author":"Enora Le Nigen","twitter_card":"summary_large_image","twitter_creator":"@bonheurdesarts","twitter_site":"@bonheurdesarts","twitter_misc":{"\u00c9crit par":"Enora Le Nigen","Dur\u00e9e de lecture estim\u00e9e":"2 minutes"},"schema":{"@context":"https:\/\/schema.org","@graph":[{"@type":"Article","@id":"https:\/\/bonheurdesarts.com\/gazette\/expositions\/diapason-monde-fondation-vuitton\/#article","isPartOf":{"@id":"https:\/\/bonheurdesarts.com\/gazette\/expositions\/diapason-monde-fondation-vuitton\/"},"author":{"name":"Enora Le Nigen","@id":"https:\/\/bonheurdesarts.com\/gazette\/#\/schema\/person\/30a900ca1a8d578cf6389dd05a1f9372"},"headline":"Au diapason du monde \u00e0 la Fondation Louis Vuitton","datePublished":"2018-08-09T07:08:56+00:00","dateModified":"2019-07-26T14:22:17+00:00","mainEntityOfPage":{"@id":"https:\/\/bonheurdesarts.com\/gazette\/expositions\/diapason-monde-fondation-vuitton\/"},"wordCount":479,"commentCount":0,"publisher":{"@id":"https:\/\/bonheurdesarts.com\/gazette\/#organization"},"image":{"@id":"https:\/\/bonheurdesarts.com\/gazette\/expositions\/diapason-monde-fondation-vuitton\/#primaryimage"},"thumbnailUrl":"https:\/\/bonheurdesarts.com\/gazette\/wp-content\/uploads\/2018\/07\/IMG_9079.jpg","keywords":["art contemporain","Au diapason du monde","Exposition","Fondation Louis Vuitton","paris","Takashi Murakami"],"articleSection":["Expositions"],"inLanguage":"fr-FR","potentialAction":[{"@type":"CommentAction","name":"Comment","target":["https:\/\/bonheurdesarts.com\/gazette\/expositions\/diapason-monde-fondation-vuitton\/#respond"]}]},{"@type":"WebPage","@id":"https:\/\/bonheurdesarts.com\/gazette\/expositions\/diapason-monde-fondation-vuitton\/","url":"https:\/\/bonheurdesarts.com\/gazette\/expositions\/diapason-monde-fondation-vuitton\/","name":"Au diapason du monde \u00e0 la Fondation Louis Vuitton - La gazette du bonheur des arts","isPartOf":{"@id":"https:\/\/bonheurdesarts.com\/gazette\/#website"},"primaryImageOfPage":{"@id":"https:\/\/bonheurdesarts.com\/gazette\/expositions\/diapason-monde-fondation-vuitton\/#primaryimage"},"image":{"@id":"https:\/\/bonheurdesarts.com\/gazette\/expositions\/diapason-monde-fondation-vuitton\/#primaryimage"},"thumbnailUrl":"https:\/\/bonheurdesarts.com\/gazette\/wp-content\/uploads\/2018\/07\/IMG_9079.jpg","datePublished":"2018-08-09T07:08:56+00:00","dateModified":"2019-07-26T14:22:17+00:00","description":"L'exposition \"au diapason du monde\" est une s\u00e9lection d\u2019\u0153uvres contemporaines et modernes qui figurent parmi la collection de la Fondation Louis Vuitton.","breadcrumb":{"@id":"https:\/\/bonheurdesarts.com\/gazette\/expositions\/diapason-monde-fondation-vuitton\/#breadcrumb"},"inLanguage":"fr-FR","potentialAction":[{"@type":"ReadAction","target":["https:\/\/bonheurdesarts.com\/gazette\/expositions\/diapason-monde-fondation-vuitton\/"]}]},{"@type":"ImageObject","inLanguage":"fr-FR","@id":"https:\/\/bonheurdesarts.com\/gazette\/expositions\/diapason-monde-fondation-vuitton\/#primaryimage","url":"https:\/\/bonheurdesarts.com\/gazette\/wp-content\/uploads\/2018\/07\/IMG_9079.jpg","contentUrl":"https:\/\/bonheurdesarts.com\/gazette\/wp-content\/uploads\/2018\/07\/IMG_9079.jpg","width":3703,"height":2578,"caption":"Exposition Au diapason du monde - Fondation Louis Vuitton - Paris 2018"},{"@type":"BreadcrumbList","@id":"https:\/\/bonheurdesarts.com\/gazette\/expositions\/diapason-monde-fondation-vuitton\/#breadcrumb","itemListElement":[{"@type":"ListItem","position":1,"name":"Accueil","item":"https:\/\/bonheurdesarts.com\/gazette\/"},{"@type":"ListItem","position":2,"name":"Au diapason du monde \u00e0 la Fondation Louis Vuitton"}]},{"@type":"WebSite","@id":"https:\/\/bonheurdesarts.com\/gazette\/#website","url":"https:\/\/bonheurdesarts.com\/gazette\/","name":"La gazette du bonheur des arts","description":"","publisher":{"@id":"https:\/\/bonheurdesarts.com\/gazette\/#organization"},"potentialAction":[{"@type":"SearchAction","target":{"@type":"EntryPoint","urlTemplate":"https:\/\/bonheurdesarts.com\/gazette\/?s={search_term_string}"},"query-input":{"@type":"PropertyValueSpecification","valueRequired":true,"valueName":"search_term_string"}}],"inLanguage":"fr-FR"},{"@type":"Organization","@id":"https:\/\/bonheurdesarts.com\/gazette\/#organization","name":"Au Bonheur des Arts","url":"https:\/\/bonheurdesarts.com\/gazette\/","logo":{"@type":"ImageObject","inLanguage":"fr-FR","@id":"https:\/\/bonheurdesarts.com\/gazette\/#\/schema\/logo\/image\/","url":"https:\/\/bonheurdesarts.com\/gazette\/wp-content\/uploads\/2020\/02\/favicon-256px.png","contentUrl":"https:\/\/bonheurdesarts.com\/gazette\/wp-content\/uploads\/2020\/02\/favicon-256px.png","width":256,"height":256,"caption":"Au Bonheur des Arts"},"image":{"@id":"https:\/\/bonheurdesarts.com\/gazette\/#\/schema\/logo\/image\/"},"sameAs":["https:\/\/x.com\/bonheurdesarts","https:\/\/www.instagram.com\/bonheurdesarts\/"]},{"@type":"Person","@id":"https:\/\/bonheurdesarts.com\/gazette\/#\/schema\/person\/30a900ca1a8d578cf6389dd05a1f9372","name":"Enora Le Nigen","image":{"@type":"ImageObject","inLanguage":"fr-FR","@id":"https:\/\/bonheurdesarts.com\/gazette\/#\/schema\/person\/image\/","url":"https:\/\/secure.gravatar.com\/avatar\/966d0535d5d761270c0a050ee1cd46bdc4c75350ac2963f597d571571506350f?s=96&d=mm&r=g","contentUrl":"https:\/\/secure.gravatar.com\/avatar\/966d0535d5d761270c0a050ee1cd46bdc4c75350ac2963f597d571571506350f?s=96&d=mm&r=g","caption":"Enora Le Nigen"},"url":"https:\/\/bonheurdesarts.com\/gazette\/author\/enora-lenigen\/"}]}},"_links":{"self":[{"href":"https:\/\/bonheurdesarts.com\/gazette\/wp-json\/wp\/v2\/posts\/422","targetHints":{"allow":["GET"]}}],"collection":[{"href":"https:\/\/bonheurdesarts.com\/gazette\/wp-json\/wp\/v2\/posts"}],"about":[{"href":"https:\/\/bonheurdesarts.com\/gazette\/wp-json\/wp\/v2\/types\/post"}],"author":[{"embeddable":true,"href":"https:\/\/bonheurdesarts.com\/gazette\/wp-json\/wp\/v2\/users\/2"}],"replies":[{"embeddable":true,"href":"https:\/\/bonheurdesarts.com\/gazette\/wp-json\/wp\/v2\/comments?post=422"}],"version-history":[{"count":9,"href":"https:\/\/bonheurdesarts.com\/gazette\/wp-json\/wp\/v2\/posts\/422\/revisions"}],"predecessor-version":[{"id":812,"href":"https:\/\/bonheurdesarts.com\/gazette\/wp-json\/wp\/v2\/posts\/422\/revisions\/812"}],"wp:featuredmedia":[{"embeddable":true,"href":"https:\/\/bonheurdesarts.com\/gazette\/wp-json\/wp\/v2\/media\/424"}],"wp:attachment":[{"href":"https:\/\/bonheurdesarts.com\/gazette\/wp-json\/wp\/v2\/media?parent=422"}],"wp:term":[{"taxonomy":"category","embeddable":true,"href":"https:\/\/bonheurdesarts.com\/gazette\/wp-json\/wp\/v2\/categories?post=422"},{"taxonomy":"post_tag","embeddable":true,"href":"https:\/\/bonheurdesarts.com\/gazette\/wp-json\/wp\/v2\/tags?post=422"}],"curies":[{"name":"wp","href":"https:\/\/api.w.org\/{rel}","templated":true}]}}