{"id":360,"date":"2018-06-23T10:34:28","date_gmt":"2018-06-23T08:34:28","guid":{"rendered":"https:\/\/bonheurdesarts.com\/gazette\/?p=360"},"modified":"2019-07-26T16:48:02","modified_gmt":"2019-07-26T14:48:02","slug":"acquisitions-frac-picardie-amiens","status":"publish","type":"post","link":"https:\/\/bonheurdesarts.com\/gazette\/expositions\/acquisitions-frac-picardie-amiens\/","title":{"rendered":"FRAC Picardie : derni\u00e8res acquisitions"},"content":{"rendered":"<h2 align=\"justify\">Le FRAC expose une s\u00e9lection de ses derni\u00e8res acquisitions !<\/h2>\n<p align=\"justify\"><span style=\"color: #800000;\"><span style=\"font-size: medium;\"><span style=\"color: #000000;\">Le FRAC <a href=\"http:\/\/www.frac-picardie.org\/\">(Fonds R\u00e9gional d&rsquo;Art Contemporain) de Picardie<\/a> \u00e0 Amiens vous propose de venir appr\u00e9cier une partie de leurs <strong>derni\u00e8res acquisitions<\/strong> du 13 avril au 29 juin 2018. Les \u0153uvres pr\u00e9sent\u00e9es ont \u00e9t\u00e9 s\u00e9lectionn\u00e9es parmi les acquisitions faites entre 2013 et 2017. <\/span><span style=\"color: #000000;\">Le FRAC a la <\/span><span style=\"color: #000000;\">particularit\u00e9<\/span><span style=\"color: #000000;\"> de proposer des \u0153uvres dessin<\/span><span style=\"color: #000000;\">\u00e9es<\/span> <span style=\"color: #000000;\">d&rsquo;artistes divers<\/span><span style=\"color: #000000;\">. En effet, m\u00eame si vous pourrez retrouver du collage, <\/span><span style=\"color: #000000;\">des vid\u00e9os <\/span><span style=\"color: #000000;\">ou autre, le FRAC regroupe des \u0153uvres <\/span><span style=\"color: #000000;\">o\u00f9 le dessin est pr\u00e9sent d&rsquo;une mani\u00e8re ou d&rsquo;une autre<\/span><span style=\"color: #000000;\">. <\/span><span style=\"color: #000000;\">Celui-ci<\/span><span style=\"color: #000000;\"> est au centre de l&rsquo;attention <\/span><span style=\"color: #000000;\">ici, et cela<\/span><span style=\"color: #000000;\"> tout en <\/span><span style=\"color: #000000;\">proposant<\/span><span style=\"color: #000000;\"> une <\/span><span style=\"color: #000000;\">grande<\/span><span style=\"color: #000000;\"> diversit\u00e9 <\/span><span style=\"color: #000000;\">tant dans la pratique, que dans le th\u00e8me, ou encore visuellement.<\/span> <\/span><\/span><\/p>\n<figure id=\"attachment_361\" aria-describedby=\"caption-attachment-361\" style=\"width: 458px\" class=\"wp-caption alignright\"><img fetchpriority=\"high\" decoding=\"async\" class=\"wp-image-361\" src=\"https:\/\/bonheurdesarts.com\/gazette\/wp-content\/uploads\/2018\/06\/IMG_8885-300x200.jpg\" alt=\"Exposition\u00a0: derni\u00e8res acquisitions - FRAC Picardie - Amiens 2018\" width=\"458\" height=\"305\" srcset=\"https:\/\/bonheurdesarts.com\/gazette\/wp-content\/uploads\/2018\/06\/IMG_8885-300x200.jpg 300w, https:\/\/bonheurdesarts.com\/gazette\/wp-content\/uploads\/2018\/06\/IMG_8885-768x512.jpg 768w, https:\/\/bonheurdesarts.com\/gazette\/wp-content\/uploads\/2018\/06\/IMG_8885-1024x683.jpg 1024w\" sizes=\"(max-width: 458px) 100vw, 458px\" \/><figcaption id=\"caption-attachment-361\" class=\"wp-caption-text\">Exposition\u00a0: derni\u00e8res acquisitions &#8211; FRAC Picardie &#8211; Amiens 2018<\/figcaption><\/figure>\n<p align=\"justify\"><span style=\"color: #000000;\"><span style=\"font-size: medium;\">L&rsquo;exposition qui vous est pr\u00e9sent\u00e9e en ce moment repose sur le dessin et la repr\u00e9sentation du corps. Celle-ci pourra alors se montrer sous diff\u00e9rentes formes, m\u00eame si la repr\u00e9sentation du corps humain est la plus dominante.\u00a0<\/span><\/span><span style=\"color: #000000;\"><span style=\"font-size: medium;\">La repr\u00e9sentation du corps est un sujet qui traverse les \u00e2ges sans pour autant lasser le monde. Il y a tant de choses \u00e0 voir, faire et penser au sujet du corps que cela ouvre d&rsquo;infinies possibilit\u00e9s de cr\u00e9ation. <\/span><\/span><span style=\"font-size: medium; color: #000000;\">Lors de votre parcours, vous passerez du petit au grand format, du dessin minimaliste au d\u00e9taill\u00e9, d&rsquo;une technique classique au crayon \u00e0 du dessin aux mat\u00e9riaux originaux. Vous ressentirez les touches des artistes ainsi que leurs perceptions des choses.<\/span><\/p>\n<p align=\"justify\"><span style=\"color: #000000;\"><span style=\"font-size: medium;\"> Les \u0153uvres pr\u00e9sentes dans cette exposition ainsi que dans le FRAC en g\u00e9n\u00e9ral nous viennent d&rsquo;artistes fran\u00e7ais, mais aussi d&rsquo;artistes \u00e9trangers venant du monde entier : Afrique, Asie et bien s\u00fbr Europe. Dans cette exposition, vous pourrez alors faire un voyage artistique o\u00f9 les artistes ont un point en commun qui les r\u00e9unit\u00a0: la pratique du dessin contemporain. Il vous sera alors possible, au cours de votre visite de l&rsquo;exposition, de d\u00e9couvrir des artistes du dessin contemporain, comme Cathryn Boch qui utilise le fil et la couture dans sa pratique du dessin, <a href=\"http:\/\/www.helenedelprat.com\">H\u00e9l\u00e8ne Delprat<\/a> qui met en avant certains tabous du corps dans la soci\u00e9t\u00e9, <a href=\"http:\/\/www.valeriesonnier.com\/\">Val\u00e9rie Sonnier<\/a> qui met en sc\u00e8ne des corps inanim\u00e9s d&rsquo;objets, ou encore <a href=\"http:\/\/elikahedayat.blogspot.com\/\">Elika Hedayat<\/a> dont l&rsquo;univers m\u00e9lange humains et animaux dans une transformation intrigante.<\/span><\/span><\/p>\n<p align=\"justify\"><span style=\"color: #000000;\"><span style=\"font-size: medium;\"> Venez donc d\u00e9couvrir cette exposition pr\u00e9sentant une s\u00e9lection des <strong>derni\u00e8res acquisitions<\/strong> du FRAC de Picardie, d\u00e9p\u00eachez-vous, il ne reste plus beaucoup de temps&#8230;<\/span><\/span><\/p>\n<ul class=\"wpfai-list\"><li class=\"wpfai-list-item twitter\">\r\n      <a href=\"http:\/\/twitter.com\/share?text=La%20gazette%20du%20bonheur%20des%20arts&url=http%3A%2F%2Fbonheurdesarts.com%2Fgazette%2Fwp-json%2Fwp%2Fv2%2Fposts%2F360\" title=\"Twitter\" class=\"wpfai-twitter wpfai-link wpfainw\">\r\n        <span class=\"fa-stack fa-lg\">\r\n          <i class=\"fa fa-circle fa-stack-2x\"><\/i>\r\n          <i class=\"fa fa-twitter fa-stack-1x fa-inverse\"><\/i>\r\n        <\/span>\r\n      <\/a>\r\n    <\/li><li class=\"wpfai-list-item linkedin\">\r\n      <a href=\"http:\/\/linkedin.com\/shareArticle?mini=true&amp;url=http%3A%2F%2Fbonheurdesarts.com%2Fgazette%2Fwp-json%2Fwp%2Fv2%2Fposts%2F360&amp;title=La%20gazette%20du%20bonheur%20des%20arts\" title=\"Linked In\" class=\"wpfai-linkedin wpfai-link wpfainw\">\r\n        <span class=\"fa-stack fa-lg\">\r\n          <i class=\"fa fa-circle fa-stack-2x\"><\/i>\r\n          <i class=\"fa fa-linkedin fa-stack-1x fa-inverse\"><\/i>\r\n        <\/span>\r\n      <\/a>\r\n    <\/li><li class=\"wpfai-list-item facebook\">\r\n      <a href=\"http:\/\/www.facebook.com\/sharer.php?u=http%3A%2F%2Fbonheurdesarts.com%2Fgazette%2Fwp-json%2Fwp%2Fv2%2Fposts%2F360&amp;t=La%20gazette%20du%20bonheur%20des%20arts\" title=\"Facebook\" class=\"wpfai-facebook wpfai-link wpfainw\">\r\n        <span class=\"fa-stack fa-lg\">\r\n          <i class=\"fa fa-circle fa-stack-2x\"><\/i>\r\n          <i class=\"fa fa-facebook fa-stack-1x fa-inverse\"><\/i>\r\n        <\/span>\r\n      <\/a>\r\n    <\/li><li class=\"wpfai-list-item pinterest\">\r\n      <a href=\"http:\/\/pinterest.com\/pin\/create\/button\/?url=http%3A%2F%2Fbonheurdesarts.com%2Fgazette%2Fwp-json%2Fwp%2Fv2%2Fposts%2F360&amp;description=La%20gazette%20du%20bonheur%20des%20arts&amp;media=\" title=\"Pinterest\" class=\"wpfai-pinterest wpfai-link wpfainw\">\r\n        <span class=\"fa-stack fa-lg\">\r\n          <i class=\"fa fa-circle fa-stack-2x\"><\/i>\r\n          <i class=\"fa fa-pinterest fa-stack-1x fa-inverse\"><\/i>\r\n        <\/span>\r\n      <\/a>\r\n    <\/li><li class=\"wpfai-list-item envelope\">\r\n      <a href=\"mailto:?subject=La%20gazette%20du%20bonheur%20des%20arts&amp;body=http%3A%2F%2Fbonheurdesarts.com%2Fgazette%2Fwp-json%2Fwp%2Fv2%2Fposts%2F360%20-%20\" title=\"E-Mail\" class=\"wpfai-envelope wpfai-link wpfainw\">\r\n        <span class=\"fa-stack fa-lg\">\r\n          <i class=\"fa fa-circle fa-stack-2x\"><\/i>\r\n          <i class=\"fa fa-envelope fa-stack-1x fa-inverse\"><\/i>\r\n        <\/span>\r\n      <\/a>\r\n    <\/li><\/ul>","protected":false},"excerpt":{"rendered":"<p>Le FRAC expose une s\u00e9lection de ses derni\u00e8res acquisitions ! Le FRAC (Fonds R\u00e9gional d&rsquo;Art Contemporain) de Picardie \u00e0 Amiens vous propose de venir appr\u00e9cier une partie de leurs derni\u00e8res&hellip;<\/p>\n","protected":false},"author":2,"featured_media":362,"comment_status":"open","ping_status":"open","sticky":false,"template":"","format":"standard","meta":{"footnotes":""},"categories":[5],"tags":[89,59,70,69,88,71,86,68,87],"class_list":["post-360","post","type-post","status-publish","format-standard","has-post-thumbnail","hentry","category-expositions","tag-art-contemporain","tag-artiste","tag-corps","tag-dernieres-acquisitions","tag-dessin","tag-dessins","tag-frac","tag-frac-picardie","tag-oeuvres"],"yoast_head":"<!-- This site is optimized with the Yoast SEO plugin v26.8 - https:\/\/yoast.com\/product\/yoast-seo-wordpress\/ -->\n<title>FRAC Picardie : derni\u00e8res acquisitions - La gazette du bonheur des arts<\/title>\n<meta name=\"description\" content=\"L&#039;article propose de d\u00e9couvrir les \u0153uvres s\u00e9lectionn\u00e9es parmi les acquisitions du FRAC Picardie (Amiens) faites entre 2013 et 2017.\" \/>\n<meta name=\"robots\" content=\"index, follow, max-snippet:-1, max-image-preview:large, max-video-preview:-1\" \/>\n<link rel=\"canonical\" href=\"https:\/\/bonheurdesarts.com\/gazette\/expositions\/acquisitions-frac-picardie-amiens\/\" \/>\n<meta property=\"og:locale\" content=\"fr_FR\" \/>\n<meta property=\"og:type\" content=\"article\" \/>\n<meta property=\"og:title\" content=\"FRAC Picardie : derni\u00e8res acquisitions - La gazette du bonheur des arts\" \/>\n<meta property=\"og:description\" content=\"L&#039;article propose de d\u00e9couvrir les \u0153uvres s\u00e9lectionn\u00e9es parmi les acquisitions du FRAC Picardie (Amiens) faites entre 2013 et 2017.\" \/>\n<meta property=\"og:url\" content=\"https:\/\/bonheurdesarts.com\/gazette\/expositions\/acquisitions-frac-picardie-amiens\/\" \/>\n<meta property=\"og:site_name\" content=\"La gazette du bonheur des arts\" \/>\n<meta property=\"article:published_time\" content=\"2018-06-23T08:34:28+00:00\" \/>\n<meta property=\"article:modified_time\" content=\"2019-07-26T14:48:02+00:00\" \/>\n<meta property=\"og:image\" content=\"https:\/\/bonheurdesarts.com\/gazette\/wp-content\/uploads\/2018\/06\/IMG_8879.jpg\" \/>\n\t<meta property=\"og:image:width\" content=\"3888\" \/>\n\t<meta property=\"og:image:height\" content=\"2592\" \/>\n\t<meta property=\"og:image:type\" content=\"image\/jpeg\" \/>\n<meta name=\"author\" content=\"Enora Le Nigen\" \/>\n<meta name=\"twitter:card\" content=\"summary_large_image\" \/>\n<meta name=\"twitter:creator\" content=\"@bonheurdesarts\" \/>\n<meta name=\"twitter:site\" content=\"@bonheurdesarts\" \/>\n<meta name=\"twitter:label1\" content=\"\u00c9crit par\" \/>\n\t<meta name=\"twitter:data1\" content=\"Enora Le Nigen\" \/>\n\t<meta name=\"twitter:label2\" content=\"Dur\u00e9e de lecture estim\u00e9e\" \/>\n\t<meta name=\"twitter:data2\" content=\"2 minutes\" \/>\n<script type=\"application\/ld+json\" class=\"yoast-schema-graph\">{\"@context\":\"https:\/\/schema.org\",\"@graph\":[{\"@type\":\"Article\",\"@id\":\"https:\/\/bonheurdesarts.com\/gazette\/expositions\/acquisitions-frac-picardie-amiens\/#article\",\"isPartOf\":{\"@id\":\"https:\/\/bonheurdesarts.com\/gazette\/expositions\/acquisitions-frac-picardie-amiens\/\"},\"author\":{\"name\":\"Enora Le Nigen\",\"@id\":\"https:\/\/bonheurdesarts.com\/gazette\/#\/schema\/person\/30a900ca1a8d578cf6389dd05a1f9372\"},\"headline\":\"FRAC Picardie : derni\u00e8res acquisitions\",\"datePublished\":\"2018-06-23T08:34:28+00:00\",\"dateModified\":\"2019-07-26T14:48:02+00:00\",\"mainEntityOfPage\":{\"@id\":\"https:\/\/bonheurdesarts.com\/gazette\/expositions\/acquisitions-frac-picardie-amiens\/\"},\"wordCount\":441,\"commentCount\":0,\"publisher\":{\"@id\":\"https:\/\/bonheurdesarts.com\/gazette\/#organization\"},\"image\":{\"@id\":\"https:\/\/bonheurdesarts.com\/gazette\/expositions\/acquisitions-frac-picardie-amiens\/#primaryimage\"},\"thumbnailUrl\":\"https:\/\/bonheurdesarts.com\/gazette\/wp-content\/uploads\/2018\/06\/IMG_8879.jpg\",\"keywords\":[\"art contemporain\",\"artiste\",\"corps\",\"derni\u00e8res acquisitions\",\"dessin\",\"dessins\",\"FRAC\",\"FRAC Picardie\",\"oeuvres\"],\"articleSection\":[\"Expositions\"],\"inLanguage\":\"fr-FR\",\"potentialAction\":[{\"@type\":\"CommentAction\",\"name\":\"Comment\",\"target\":[\"https:\/\/bonheurdesarts.com\/gazette\/expositions\/acquisitions-frac-picardie-amiens\/#respond\"]}]},{\"@type\":\"WebPage\",\"@id\":\"https:\/\/bonheurdesarts.com\/gazette\/expositions\/acquisitions-frac-picardie-amiens\/\",\"url\":\"https:\/\/bonheurdesarts.com\/gazette\/expositions\/acquisitions-frac-picardie-amiens\/\",\"name\":\"FRAC Picardie : derni\u00e8res acquisitions - La gazette du bonheur des arts\",\"isPartOf\":{\"@id\":\"https:\/\/bonheurdesarts.com\/gazette\/#website\"},\"primaryImageOfPage\":{\"@id\":\"https:\/\/bonheurdesarts.com\/gazette\/expositions\/acquisitions-frac-picardie-amiens\/#primaryimage\"},\"image\":{\"@id\":\"https:\/\/bonheurdesarts.com\/gazette\/expositions\/acquisitions-frac-picardie-amiens\/#primaryimage\"},\"thumbnailUrl\":\"https:\/\/bonheurdesarts.com\/gazette\/wp-content\/uploads\/2018\/06\/IMG_8879.jpg\",\"datePublished\":\"2018-06-23T08:34:28+00:00\",\"dateModified\":\"2019-07-26T14:48:02+00:00\",\"description\":\"L'article propose de d\u00e9couvrir les \u0153uvres s\u00e9lectionn\u00e9es parmi les acquisitions du FRAC Picardie (Amiens) faites entre 2013 et 2017.\",\"breadcrumb\":{\"@id\":\"https:\/\/bonheurdesarts.com\/gazette\/expositions\/acquisitions-frac-picardie-amiens\/#breadcrumb\"},\"inLanguage\":\"fr-FR\",\"potentialAction\":[{\"@type\":\"ReadAction\",\"target\":[\"https:\/\/bonheurdesarts.com\/gazette\/expositions\/acquisitions-frac-picardie-amiens\/\"]}]},{\"@type\":\"ImageObject\",\"inLanguage\":\"fr-FR\",\"@id\":\"https:\/\/bonheurdesarts.com\/gazette\/expositions\/acquisitions-frac-picardie-amiens\/#primaryimage\",\"url\":\"https:\/\/bonheurdesarts.com\/gazette\/wp-content\/uploads\/2018\/06\/IMG_8879.jpg\",\"contentUrl\":\"https:\/\/bonheurdesarts.com\/gazette\/wp-content\/uploads\/2018\/06\/IMG_8879.jpg\",\"width\":3888,\"height\":2592,\"caption\":\"Exposition\u00a0: derni\u00e8res acquisitions - FRAC Picardie - Amiens 2018\"},{\"@type\":\"BreadcrumbList\",\"@id\":\"https:\/\/bonheurdesarts.com\/gazette\/expositions\/acquisitions-frac-picardie-amiens\/#breadcrumb\",\"itemListElement\":[{\"@type\":\"ListItem\",\"position\":1,\"name\":\"Accueil\",\"item\":\"https:\/\/bonheurdesarts.com\/gazette\/\"},{\"@type\":\"ListItem\",\"position\":2,\"name\":\"FRAC Picardie : derni\u00e8res acquisitions\"}]},{\"@type\":\"WebSite\",\"@id\":\"https:\/\/bonheurdesarts.com\/gazette\/#website\",\"url\":\"https:\/\/bonheurdesarts.com\/gazette\/\",\"name\":\"La gazette du bonheur des arts\",\"description\":\"\",\"publisher\":{\"@id\":\"https:\/\/bonheurdesarts.com\/gazette\/#organization\"},\"potentialAction\":[{\"@type\":\"SearchAction\",\"target\":{\"@type\":\"EntryPoint\",\"urlTemplate\":\"https:\/\/bonheurdesarts.com\/gazette\/?s={search_term_string}\"},\"query-input\":{\"@type\":\"PropertyValueSpecification\",\"valueRequired\":true,\"valueName\":\"search_term_string\"}}],\"inLanguage\":\"fr-FR\"},{\"@type\":\"Organization\",\"@id\":\"https:\/\/bonheurdesarts.com\/gazette\/#organization\",\"name\":\"Au Bonheur des Arts\",\"url\":\"https:\/\/bonheurdesarts.com\/gazette\/\",\"logo\":{\"@type\":\"ImageObject\",\"inLanguage\":\"fr-FR\",\"@id\":\"https:\/\/bonheurdesarts.com\/gazette\/#\/schema\/logo\/image\/\",\"url\":\"https:\/\/bonheurdesarts.com\/gazette\/wp-content\/uploads\/2020\/02\/favicon-256px.png\",\"contentUrl\":\"https:\/\/bonheurdesarts.com\/gazette\/wp-content\/uploads\/2020\/02\/favicon-256px.png\",\"width\":256,\"height\":256,\"caption\":\"Au Bonheur des Arts\"},\"image\":{\"@id\":\"https:\/\/bonheurdesarts.com\/gazette\/#\/schema\/logo\/image\/\"},\"sameAs\":[\"https:\/\/x.com\/bonheurdesarts\",\"https:\/\/www.instagram.com\/bonheurdesarts\/\"]},{\"@type\":\"Person\",\"@id\":\"https:\/\/bonheurdesarts.com\/gazette\/#\/schema\/person\/30a900ca1a8d578cf6389dd05a1f9372\",\"name\":\"Enora Le Nigen\",\"image\":{\"@type\":\"ImageObject\",\"inLanguage\":\"fr-FR\",\"@id\":\"https:\/\/bonheurdesarts.com\/gazette\/#\/schema\/person\/image\/\",\"url\":\"https:\/\/secure.gravatar.com\/avatar\/966d0535d5d761270c0a050ee1cd46bdc4c75350ac2963f597d571571506350f?s=96&d=mm&r=g\",\"contentUrl\":\"https:\/\/secure.gravatar.com\/avatar\/966d0535d5d761270c0a050ee1cd46bdc4c75350ac2963f597d571571506350f?s=96&d=mm&r=g\",\"caption\":\"Enora Le Nigen\"},\"url\":\"https:\/\/bonheurdesarts.com\/gazette\/author\/enora-lenigen\/\"}]}<\/script>\n<!-- \/ Yoast SEO plugin. -->","yoast_head_json":{"title":"FRAC Picardie : derni\u00e8res acquisitions - La gazette du bonheur des arts","description":"L'article propose de d\u00e9couvrir les \u0153uvres s\u00e9lectionn\u00e9es parmi les acquisitions du FRAC Picardie (Amiens) faites entre 2013 et 2017.","robots":{"index":"index","follow":"follow","max-snippet":"max-snippet:-1","max-image-preview":"max-image-preview:large","max-video-preview":"max-video-preview:-1"},"canonical":"https:\/\/bonheurdesarts.com\/gazette\/expositions\/acquisitions-frac-picardie-amiens\/","og_locale":"fr_FR","og_type":"article","og_title":"FRAC Picardie : derni\u00e8res acquisitions - La gazette du bonheur des arts","og_description":"L'article propose de d\u00e9couvrir les \u0153uvres s\u00e9lectionn\u00e9es parmi les acquisitions du FRAC Picardie (Amiens) faites entre 2013 et 2017.","og_url":"https:\/\/bonheurdesarts.com\/gazette\/expositions\/acquisitions-frac-picardie-amiens\/","og_site_name":"La gazette du bonheur des arts","article_published_time":"2018-06-23T08:34:28+00:00","article_modified_time":"2019-07-26T14:48:02+00:00","og_image":[{"width":3888,"height":2592,"url":"https:\/\/bonheurdesarts.com\/gazette\/wp-content\/uploads\/2018\/06\/IMG_8879.jpg","type":"image\/jpeg"}],"author":"Enora Le Nigen","twitter_card":"summary_large_image","twitter_creator":"@bonheurdesarts","twitter_site":"@bonheurdesarts","twitter_misc":{"\u00c9crit par":"Enora Le Nigen","Dur\u00e9e de lecture estim\u00e9e":"2 minutes"},"schema":{"@context":"https:\/\/schema.org","@graph":[{"@type":"Article","@id":"https:\/\/bonheurdesarts.com\/gazette\/expositions\/acquisitions-frac-picardie-amiens\/#article","isPartOf":{"@id":"https:\/\/bonheurdesarts.com\/gazette\/expositions\/acquisitions-frac-picardie-amiens\/"},"author":{"name":"Enora Le Nigen","@id":"https:\/\/bonheurdesarts.com\/gazette\/#\/schema\/person\/30a900ca1a8d578cf6389dd05a1f9372"},"headline":"FRAC Picardie : derni\u00e8res acquisitions","datePublished":"2018-06-23T08:34:28+00:00","dateModified":"2019-07-26T14:48:02+00:00","mainEntityOfPage":{"@id":"https:\/\/bonheurdesarts.com\/gazette\/expositions\/acquisitions-frac-picardie-amiens\/"},"wordCount":441,"commentCount":0,"publisher":{"@id":"https:\/\/bonheurdesarts.com\/gazette\/#organization"},"image":{"@id":"https:\/\/bonheurdesarts.com\/gazette\/expositions\/acquisitions-frac-picardie-amiens\/#primaryimage"},"thumbnailUrl":"https:\/\/bonheurdesarts.com\/gazette\/wp-content\/uploads\/2018\/06\/IMG_8879.jpg","keywords":["art contemporain","artiste","corps","derni\u00e8res acquisitions","dessin","dessins","FRAC","FRAC Picardie","oeuvres"],"articleSection":["Expositions"],"inLanguage":"fr-FR","potentialAction":[{"@type":"CommentAction","name":"Comment","target":["https:\/\/bonheurdesarts.com\/gazette\/expositions\/acquisitions-frac-picardie-amiens\/#respond"]}]},{"@type":"WebPage","@id":"https:\/\/bonheurdesarts.com\/gazette\/expositions\/acquisitions-frac-picardie-amiens\/","url":"https:\/\/bonheurdesarts.com\/gazette\/expositions\/acquisitions-frac-picardie-amiens\/","name":"FRAC Picardie : derni\u00e8res acquisitions - La gazette du bonheur des arts","isPartOf":{"@id":"https:\/\/bonheurdesarts.com\/gazette\/#website"},"primaryImageOfPage":{"@id":"https:\/\/bonheurdesarts.com\/gazette\/expositions\/acquisitions-frac-picardie-amiens\/#primaryimage"},"image":{"@id":"https:\/\/bonheurdesarts.com\/gazette\/expositions\/acquisitions-frac-picardie-amiens\/#primaryimage"},"thumbnailUrl":"https:\/\/bonheurdesarts.com\/gazette\/wp-content\/uploads\/2018\/06\/IMG_8879.jpg","datePublished":"2018-06-23T08:34:28+00:00","dateModified":"2019-07-26T14:48:02+00:00","description":"L'article propose de d\u00e9couvrir les \u0153uvres s\u00e9lectionn\u00e9es parmi les acquisitions du FRAC Picardie (Amiens) faites entre 2013 et 2017.","breadcrumb":{"@id":"https:\/\/bonheurdesarts.com\/gazette\/expositions\/acquisitions-frac-picardie-amiens\/#breadcrumb"},"inLanguage":"fr-FR","potentialAction":[{"@type":"ReadAction","target":["https:\/\/bonheurdesarts.com\/gazette\/expositions\/acquisitions-frac-picardie-amiens\/"]}]},{"@type":"ImageObject","inLanguage":"fr-FR","@id":"https:\/\/bonheurdesarts.com\/gazette\/expositions\/acquisitions-frac-picardie-amiens\/#primaryimage","url":"https:\/\/bonheurdesarts.com\/gazette\/wp-content\/uploads\/2018\/06\/IMG_8879.jpg","contentUrl":"https:\/\/bonheurdesarts.com\/gazette\/wp-content\/uploads\/2018\/06\/IMG_8879.jpg","width":3888,"height":2592,"caption":"Exposition\u00a0: derni\u00e8res acquisitions - FRAC Picardie - Amiens 2018"},{"@type":"BreadcrumbList","@id":"https:\/\/bonheurdesarts.com\/gazette\/expositions\/acquisitions-frac-picardie-amiens\/#breadcrumb","itemListElement":[{"@type":"ListItem","position":1,"name":"Accueil","item":"https:\/\/bonheurdesarts.com\/gazette\/"},{"@type":"ListItem","position":2,"name":"FRAC Picardie : derni\u00e8res acquisitions"}]},{"@type":"WebSite","@id":"https:\/\/bonheurdesarts.com\/gazette\/#website","url":"https:\/\/bonheurdesarts.com\/gazette\/","name":"La gazette du bonheur des arts","description":"","publisher":{"@id":"https:\/\/bonheurdesarts.com\/gazette\/#organization"},"potentialAction":[{"@type":"SearchAction","target":{"@type":"EntryPoint","urlTemplate":"https:\/\/bonheurdesarts.com\/gazette\/?s={search_term_string}"},"query-input":{"@type":"PropertyValueSpecification","valueRequired":true,"valueName":"search_term_string"}}],"inLanguage":"fr-FR"},{"@type":"Organization","@id":"https:\/\/bonheurdesarts.com\/gazette\/#organization","name":"Au Bonheur des Arts","url":"https:\/\/bonheurdesarts.com\/gazette\/","logo":{"@type":"ImageObject","inLanguage":"fr-FR","@id":"https:\/\/bonheurdesarts.com\/gazette\/#\/schema\/logo\/image\/","url":"https:\/\/bonheurdesarts.com\/gazette\/wp-content\/uploads\/2020\/02\/favicon-256px.png","contentUrl":"https:\/\/bonheurdesarts.com\/gazette\/wp-content\/uploads\/2020\/02\/favicon-256px.png","width":256,"height":256,"caption":"Au Bonheur des Arts"},"image":{"@id":"https:\/\/bonheurdesarts.com\/gazette\/#\/schema\/logo\/image\/"},"sameAs":["https:\/\/x.com\/bonheurdesarts","https:\/\/www.instagram.com\/bonheurdesarts\/"]},{"@type":"Person","@id":"https:\/\/bonheurdesarts.com\/gazette\/#\/schema\/person\/30a900ca1a8d578cf6389dd05a1f9372","name":"Enora Le Nigen","image":{"@type":"ImageObject","inLanguage":"fr-FR","@id":"https:\/\/bonheurdesarts.com\/gazette\/#\/schema\/person\/image\/","url":"https:\/\/secure.gravatar.com\/avatar\/966d0535d5d761270c0a050ee1cd46bdc4c75350ac2963f597d571571506350f?s=96&d=mm&r=g","contentUrl":"https:\/\/secure.gravatar.com\/avatar\/966d0535d5d761270c0a050ee1cd46bdc4c75350ac2963f597d571571506350f?s=96&d=mm&r=g","caption":"Enora Le Nigen"},"url":"https:\/\/bonheurdesarts.com\/gazette\/author\/enora-lenigen\/"}]}},"_links":{"self":[{"href":"https:\/\/bonheurdesarts.com\/gazette\/wp-json\/wp\/v2\/posts\/360","targetHints":{"allow":["GET"]}}],"collection":[{"href":"https:\/\/bonheurdesarts.com\/gazette\/wp-json\/wp\/v2\/posts"}],"about":[{"href":"https:\/\/bonheurdesarts.com\/gazette\/wp-json\/wp\/v2\/types\/post"}],"author":[{"embeddable":true,"href":"https:\/\/bonheurdesarts.com\/gazette\/wp-json\/wp\/v2\/users\/2"}],"replies":[{"embeddable":true,"href":"https:\/\/bonheurdesarts.com\/gazette\/wp-json\/wp\/v2\/comments?post=360"}],"version-history":[{"count":9,"href":"https:\/\/bonheurdesarts.com\/gazette\/wp-json\/wp\/v2\/posts\/360\/revisions"}],"predecessor-version":[{"id":825,"href":"https:\/\/bonheurdesarts.com\/gazette\/wp-json\/wp\/v2\/posts\/360\/revisions\/825"}],"wp:featuredmedia":[{"embeddable":true,"href":"https:\/\/bonheurdesarts.com\/gazette\/wp-json\/wp\/v2\/media\/362"}],"wp:attachment":[{"href":"https:\/\/bonheurdesarts.com\/gazette\/wp-json\/wp\/v2\/media?parent=360"}],"wp:term":[{"taxonomy":"category","embeddable":true,"href":"https:\/\/bonheurdesarts.com\/gazette\/wp-json\/wp\/v2\/categories?post=360"},{"taxonomy":"post_tag","embeddable":true,"href":"https:\/\/bonheurdesarts.com\/gazette\/wp-json\/wp\/v2\/tags?post=360"}],"curies":[{"name":"wp","href":"https:\/\/api.w.org\/{rel}","templated":true}]}}